{"id":29541,"date":"2014-09-30T14:36:27","date_gmt":"2014-09-30T17:36:27","guid":{"rendered":"http:\/\/cordobatimes.com\/showup\/?p=29541"},"modified":"2020-01-27T21:03:27","modified_gmt":"2020-01-28T00:03:27","slug":"la-vida-de-gilda-llega-al-cine-en-no-me-arrepiento-de-este-amor","status":"publish","type":"post","link":"https:\/\/www.cordobatimes.com\/showup\/cine-y-series\/2014\/09\/30\/la-vida-de-gilda-llega-al-cine-en-no-me-arrepiento-de-este-amor\/","title":{"rendered":"La vida de Gilda llega al cine en \u00abNo me arrepiento de este amor\u00bb"},"content":{"rendered":"<h3 style=\"text-align: justify;\"><strong>La vida \u00edntima y poco conocida de Miriam Alejandra Bianchi, quien revolucion\u00f3 la cumbia y se convirti\u00f3 en \u00eddolo de la canci\u00f3n popular argentina bajo el nombre art\u00edstico de Gilda, ser\u00e1 llevada al cine por Lorena Mu\u00f1oz en \u201cGilda\u00a0&#8211; No me arrepiento de este amor\u201d.<\/strong><\/h3>\n<p style=\"text-align: justify;\">Un filme que rescata su autenticidad, su carisma y la reivindicaci\u00f3n de los derechos femeninos en sus canciones.<\/p>\n<p style=\"text-align: justify;\">\u201cEl t\u00edtulo habla del amor que sent\u00eda hacia su ideal y objetivo de vida. Habla del sacrificio y los costos que le demandaron su carrera. Y en su caso, el costo para trascender fue la muerte, porque falleci\u00f3 en su momento m\u00e1s exitoso\u201d, afirm\u00f3 la cineasta acerca del filme protagonizado y producido por la actriz y cantante uruguaya Natalia Oreiro.<\/p>\n<p style=\"text-align: justify;\">La pel\u00edcula tendr\u00e1 su estreno oficial en 2016, en coincidencia con el vig\u00e9simo aniversario de la muerte de la cantante, quien en la d\u00e9cada del 90 alcanz\u00f3 una enorme aceptaci\u00f3n entre los amantes de la cumbia y la canci\u00f3n popular, pero falleci\u00f3 a los 36 a\u00f1os, en un accidente automovil\u00edstico en Entre R\u00edos, junto a su madre y su hija mayor.<\/p>\n<p style=\"text-align: justify;\">A partir de su muerte, la cantante y compositora de cumbia y m\u00fasica tropical se convirti\u00f3 en un verdadero mito popular, cuya vida \u00edntima y menos conocida ser\u00e1 tomada por Mu\u00f1oz para realizar una biograf\u00eda cinematogr\u00e1fica en la que adem\u00e1s de su carrera art\u00edstica abordar\u00e1 su ni\u00f1ez, la relaci\u00f3n con su padre y su adolescencia.<\/p>\n<p style=\"text-align: justify;\">\u201cLa pel\u00edcula tendr\u00e1 una l\u00ednea principal que va de 1990 a 1996 y dos subtramas: una que muestra a Gilda cuando era ni\u00f1a y manten\u00eda una complicidad muy linda con su padre, quien la ayud\u00f3 mucho y le inculc\u00f3 la inspiraci\u00f3n art\u00edstica que dispar\u00f3 su vocaci\u00f3n. Y la otra es su adolescencia, la muerte de su padre, y el momento en que termina de definir su vocaci\u00f3n musical\u201d, adelant\u00f3 Mu\u00f1oz.<\/p>\n<p style=\"text-align: justify;\">En una entrevista , la autora de \u201cYo no s\u00e9 qu\u00e9 me han hecho tus ojos\u201d y \u201cLos pr\u00f3ximos pasados\u201d, dos largometrajes en los que abord\u00f3 el g\u00e9nero documental mezcl\u00e1ndolo con elementos de ficci\u00f3n, afirm\u00f3 que la pel\u00edcula tendr\u00e1 un tono melodram\u00e1tico porque \u201cla vida de Gilda fue de alg\u00fan modo un melodrama. Creo que eso tambi\u00e9n tiene que ver con la muerte de su padre y el amor que sent\u00eda por \u00e9l\u201d.<\/p>\n<p><iframe loading=\"lazy\" src=\"\/\/www.youtube.com\/embed\/NVb-2J_rkeg\" width=\"100%\" height=\"315\" frameborder=\"0\" allowfullscreen=\"allowfullscreen\"><\/iframe><\/p>\n","protected":false},"excerpt":{"rendered":"<p>La vida \u00edntima y poco conocida de Miriam Alejandra Bianchi, quien revolucion\u00f3 la cumbia y se convirti\u00f3 en \u00eddolo de la canci\u00f3n popular argentina bajo el nombre art\u00edstico de Gilda, ser\u00e1 llevada al cine por Lorena Mu\u00f1oz en \u201cGilda\u00a0&#8211; No me arrepiento de este amor\u201d. Un filme que rescata su autenticidad, su carisma y la [&hellip;]<\/p>\n","protected":false},"author":1,"featured_media":29547,"comment_status":"closed","ping_status":"closed","sticky":false,"template":"","format":"standard","meta":{"_seopress_robots_primary_cat":"","_seopress_titles_title":"","_seopress_titles_desc":"","_seopress_robots_index":"","footnotes":""},"categories":[3],"tags":[15891,9486,9485],"class_list":{"0":"post-29541","1":"post","2":"type-post","3":"status-publish","4":"format-standard","5":"has-post-thumbnail","7":"category-cine-y-series","8":"tag-gilda-no-me-arrepiento-de-este-amor","9":"tag-la-vida-de-gilda-llega-al-cine","10":"tag-pelicula-de-gilda"},"_links":{"self":[{"href":"https:\/\/www.cordobatimes.com\/showup\/wp-json\/wp\/v2\/posts\/29541","targetHints":{"allow":["GET"]}}],"collection":[{"href":"https:\/\/www.cordobatimes.com\/showup\/wp-json\/wp\/v2\/posts"}],"about":[{"href":"https:\/\/www.cordobatimes.com\/showup\/wp-json\/wp\/v2\/types\/post"}],"author":[{"embeddable":true,"href":"https:\/\/www.cordobatimes.com\/showup\/wp-json\/wp\/v2\/users\/1"}],"replies":[{"embeddable":true,"href":"https:\/\/www.cordobatimes.com\/showup\/wp-json\/wp\/v2\/comments?post=29541"}],"version-history":[{"count":0,"href":"https:\/\/www.cordobatimes.com\/showup\/wp-json\/wp\/v2\/posts\/29541\/revisions"}],"wp:featuredmedia":[{"embeddable":true,"href":"https:\/\/www.cordobatimes.com\/showup\/wp-json\/wp\/v2\/media\/29547"}],"wp:attachment":[{"href":"https:\/\/www.cordobatimes.com\/showup\/wp-json\/wp\/v2\/media?parent=29541"}],"wp:term":[{"taxonomy":"category","embeddable":true,"href":"https:\/\/www.cordobatimes.com\/showup\/wp-json\/wp\/v2\/categories?post=29541"},{"taxonomy":"post_tag","embeddable":true,"href":"https:\/\/www.cordobatimes.com\/showup\/wp-json\/wp\/v2\/tags?post=29541"}],"curies":[{"name":"wp","href":"https:\/\/api.w.org\/{rel}","templated":true}]}}