{"id":29521,"date":"2014-09-30T12:41:56","date_gmt":"2014-09-30T15:41:56","guid":{"rendered":"http:\/\/cordobatimes.com\/showup\/?p=29521"},"modified":"2020-01-28T08:31:36","modified_gmt":"2020-01-28T11:31:36","slug":"lo-confirmo-angel-de-brito-una-bandana-en-la-dulce-espera","status":"publish","type":"post","link":"https:\/\/www.cordobatimes.com\/showup\/famosos\/2014\/09\/30\/lo-confirmo-angel-de-brito-una-bandana-en-la-dulce-espera\/","title":{"rendered":"Lo confirm\u00f3 \u00c1ngel de Brito: una Bandana en la dulce espera"},"content":{"rendered":"<h3 style=\"text-align: justify;\"><strong>Luego de haber lanzado su disco en julio, \u00abMirame de cerca\u00bb, Valeria Gastaldi tiene otro motivo para celebrar: est\u00e1 embarazada, cursando el quinto mes de gestaci\u00f3n.\u00a0<\/strong><\/h3>\n<p style=\"text-align: justify;\">La ex Bandana ya es madre de Santino fruto de su amor con el bajista de Gazpacho, Facundo Pereyra Iraola, y ahora ser\u00e1 madre por segunda vez.<\/p>\n<p style=\"text-align: justify;\">A trav\u00e9s de Twitter, \u00c1ngel de Brito dio a conocer la feliz noticia: \u00abBandana embarazada, por segunda vez. Felicitaciones querida @valeriagastaldi\u00bb.<\/p>\n<p style=\"text-align: justify;\">La cantante, feliz, no dud\u00f3 en retuitear el mensaje y agradecer los buenos deseos.<\/p>\n<p style=\"text-align: justify;\">Con una incipiente pancita que asoma y con el sexo por develar, Valeria no interrumpe su agenda laboral y contin\u00faa con las presentaciones de su \u00faltimo trabajo discogr\u00e1fico, dando shows en Capital Federal y algunas provincias de la Argentina.<\/p>\n<h3 style=\"text-align: justify;\"><a href=\"http:\/\/cordobatimes.com\/showup\/wp-content\/uploads\/2014\/09\/valeria.png\"><img loading=\"lazy\" decoding=\"async\" class=\"alignnone size-full wp-image-29523\" src=\"http:\/\/cordobatimes.com\/showup\/wp-content\/uploads\/2014\/09\/valeria.png\" alt=\"valeria\" width=\"788\" height=\"366\" data-id=\"29523\" srcset=\"https:\/\/www.cordobatimes.com\/showup\/wp-content\/uploads\/2014\/09\/valeria.png 788w, https:\/\/www.cordobatimes.com\/showup\/wp-content\/uploads\/2014\/09\/valeria-300x139.png 300w, https:\/\/www.cordobatimes.com\/showup\/wp-content\/uploads\/2014\/09\/valeria-600x278.png 600w\" sizes=\"auto, (max-width: 788px) 100vw, 788px\" \/><\/a><\/h3>\n<p>&nbsp;<\/p>\n","protected":false},"excerpt":{"rendered":"<p>Luego de haber lanzado su disco en julio, \u00abMirame de cerca\u00bb, Valeria Gastaldi tiene otro motivo para celebrar: est\u00e1 embarazada, cursando el quinto mes de gestaci\u00f3n.\u00a0 La ex Bandana ya es madre de Santino fruto de su amor con el bajista de Gazpacho, Facundo Pereyra Iraola, y ahora ser\u00e1 madre por segunda vez. A trav\u00e9s [&hellip;]<\/p>\n","protected":false},"author":9,"featured_media":29524,"comment_status":"closed","ping_status":"closed","sticky":false,"template":"","format":"standard","meta":{"_seopress_robots_primary_cat":"","_seopress_titles_title":"","_seopress_titles_desc":"","_seopress_robots_index":"","footnotes":""},"categories":[4],"tags":[28857],"class_list":{"0":"post-29521","1":"post","2":"type-post","3":"status-publish","4":"format-standard","5":"has-post-thumbnail","7":"category-famosos","8":"tag-valeria-gastaldi-embarazada"},"_links":{"self":[{"href":"https:\/\/www.cordobatimes.com\/showup\/wp-json\/wp\/v2\/posts\/29521","targetHints":{"allow":["GET"]}}],"collection":[{"href":"https:\/\/www.cordobatimes.com\/showup\/wp-json\/wp\/v2\/posts"}],"about":[{"href":"https:\/\/www.cordobatimes.com\/showup\/wp-json\/wp\/v2\/types\/post"}],"author":[{"embeddable":true,"href":"https:\/\/www.cordobatimes.com\/showup\/wp-json\/wp\/v2\/users\/9"}],"replies":[{"embeddable":true,"href":"https:\/\/www.cordobatimes.com\/showup\/wp-json\/wp\/v2\/comments?post=29521"}],"version-history":[{"count":0,"href":"https:\/\/www.cordobatimes.com\/showup\/wp-json\/wp\/v2\/posts\/29521\/revisions"}],"wp:featuredmedia":[{"embeddable":true,"href":"https:\/\/www.cordobatimes.com\/showup\/wp-json\/wp\/v2\/media\/29524"}],"wp:attachment":[{"href":"https:\/\/www.cordobatimes.com\/showup\/wp-json\/wp\/v2\/media?parent=29521"}],"wp:term":[{"taxonomy":"category","embeddable":true,"href":"https:\/\/www.cordobatimes.com\/showup\/wp-json\/wp\/v2\/categories?post=29521"},{"taxonomy":"post_tag","embeddable":true,"href":"https:\/\/www.cordobatimes.com\/showup\/wp-json\/wp\/v2\/tags?post=29521"}],"curies":[{"name":"wp","href":"https:\/\/api.w.org\/{rel}","templated":true}]}}