{"id":29463,"date":"2014-09-29T17:18:43","date_gmt":"2014-09-29T20:18:43","guid":{"rendered":"http:\/\/cordobatimes.com\/showup\/?p=29463"},"modified":"2020-01-28T08:59:44","modified_gmt":"2020-01-28T11:59:44","slug":"jorge-rial-mostro-las-tarjetas-de-invitacion-para-los-quince-de-morena-video","status":"publish","type":"post","link":"https:\/\/www.cordobatimes.com\/showup\/tv\/2014\/09\/29\/jorge-rial-mostro-las-tarjetas-de-invitacion-para-los-quince-de-morena-video\/","title":{"rendered":"Jorge Rial mostr\u00f3 las tarjetas de invitaci\u00f3n para los quince de Morena (Video)"},"content":{"rendered":"<h3 style=\"text-align: justify;\"><strong>El conductor de Intrusos junto a su novia, Mariana Loly Antoniale est\u00e1n en todos los detalles de la celebraci\u00f3n de Morena y la acompa\u00f1an en cada decisi\u00f3n para que todo sea perfecto esa noche tan esperada para la joven.\u00a0<\/strong><\/h3>\n<p style=\"text-align: justify;\">En este marco, Rial dio detalles de lo que ser\u00e1 el festejo y mostr\u00f3 las invitaciones en su ciclo de espect\u00e1culos por la pantalla de Am\u00e9rica: \u00abTodo es plata chicos pero More se merece todo, la invitaci\u00f3n muy linda\u00bb, mientras mostraba las tarjetas.<\/p>\n<p style=\"text-align: justify;\">\u00abAdem\u00e1s tiene una tarjeta que es intransferible y va a haber molinetes donde habr\u00e1 una pantalla que te va a decir donde te sentas. Todo esto mil pesos cada una\u00bb, detall\u00f3 entre risas.<\/p>\n<p style=\"text-align: justify;\">\u00abEl d\u00eda que Morena se case, mamita querida\u00bb, complet\u00f3.<\/p>\n<p><iframe loading=\"lazy\" src=\"\/\/www.dailymotion.com\/embed\/video\/x26vvcq\" width=\"480\" height=\"270\" frameborder=\"0\" allowfullscreen=\"allowfullscreen\"><\/iframe><br \/>\n<a href=\"http:\/\/www.dailymotion.com\/video\/x26vvcq_pronto-com-ar-jorge-rial-compartio-las-invitaciones-de-los-15-de-morena_shortfilms\" target=\"_blank\" rel=\"noopener noreferrer\">Pronto.com.ar Jorge Rial comparti\u00f3 las&#8230;<\/a> <i>por <a href=\"http:\/\/www.dailymotion.com\/revista_pronto\" target=\"_blank\" rel=\"noopener noreferrer\">revista_pronto<\/a><\/i><\/p>\n","protected":false},"excerpt":{"rendered":"<p>El conductor de Intrusos junto a su novia, Mariana Loly Antoniale est\u00e1n en todos los detalles de la celebraci\u00f3n de Morena y la acompa\u00f1an en cada decisi\u00f3n para que todo sea perfecto esa noche tan esperada para la joven.\u00a0 En este marco, Rial dio detalles de lo que ser\u00e1 el festejo y mostr\u00f3 las invitaciones [&hellip;]<\/p>\n","protected":false},"author":9,"featured_media":29464,"comment_status":"closed","ping_status":"closed","sticky":false,"template":"","format":"standard","meta":{"_seopress_robots_primary_cat":"","_seopress_titles_title":"","_seopress_titles_desc":"","_seopress_robots_index":"","footnotes":""},"categories":[2],"tags":[28862,9466,28861],"class_list":{"0":"post-29463","1":"post","2":"type-post","3":"status-publish","4":"format-standard","5":"has-post-thumbnail","7":"category-tv","8":"tag-cumple-de-15-de-morena-rial","9":"tag-cumpleanos-de-quince-de-morena","10":"tag-invitacion-del-cumpleanos-de-quince-de-morena-rial"},"_links":{"self":[{"href":"https:\/\/www.cordobatimes.com\/showup\/wp-json\/wp\/v2\/posts\/29463","targetHints":{"allow":["GET"]}}],"collection":[{"href":"https:\/\/www.cordobatimes.com\/showup\/wp-json\/wp\/v2\/posts"}],"about":[{"href":"https:\/\/www.cordobatimes.com\/showup\/wp-json\/wp\/v2\/types\/post"}],"author":[{"embeddable":true,"href":"https:\/\/www.cordobatimes.com\/showup\/wp-json\/wp\/v2\/users\/9"}],"replies":[{"embeddable":true,"href":"https:\/\/www.cordobatimes.com\/showup\/wp-json\/wp\/v2\/comments?post=29463"}],"version-history":[{"count":0,"href":"https:\/\/www.cordobatimes.com\/showup\/wp-json\/wp\/v2\/posts\/29463\/revisions"}],"wp:featuredmedia":[{"embeddable":true,"href":"https:\/\/www.cordobatimes.com\/showup\/wp-json\/wp\/v2\/media\/29464"}],"wp:attachment":[{"href":"https:\/\/www.cordobatimes.com\/showup\/wp-json\/wp\/v2\/media?parent=29463"}],"wp:term":[{"taxonomy":"category","embeddable":true,"href":"https:\/\/www.cordobatimes.com\/showup\/wp-json\/wp\/v2\/categories?post=29463"},{"taxonomy":"post_tag","embeddable":true,"href":"https:\/\/www.cordobatimes.com\/showup\/wp-json\/wp\/v2\/tags?post=29463"}],"curies":[{"name":"wp","href":"https:\/\/api.w.org\/{rel}","templated":true}]}}