{"id":29459,"date":"2014-09-29T16:52:35","date_gmt":"2014-09-29T19:52:35","guid":{"rendered":"http:\/\/cordobatimes.com\/showup\/?p=29459"},"modified":"2020-01-28T09:03:32","modified_gmt":"2020-01-28T12:03:32","slug":"regresa-a-los-escenarios-el-pato-fontanet","status":"publish","type":"post","link":"https:\/\/www.cordobatimes.com\/showup\/musica\/2014\/09\/29\/regresa-a-los-escenarios-el-pato-fontanet\/","title":{"rendered":"Regresa a los escenarios el Pato Fontanet"},"content":{"rendered":"<h3 style=\"text-align: justify;\"><strong>El l\u00edder de Callejeros vuelve al ruedo con un nuevo proyecto musical, tras recuperar su libertad. El anuncio lo hizo en un recital de la Mona Jim\u00e9nez y fue ovacionado por todo el p\u00fablico presente<\/strong>.<\/h3>\n<p style=\"text-align: justify;\">La Mona lo invit\u00f3 a subir al escenario y all\u00ed expres\u00f3 su alegr\u00eda por volver a cantar con su nueva banda llamada \u00abDon Osvaldo\u00bb. El debut es el 12 de noviembre en la Plaza de la M\u00fasica.<\/p>\n<p style=\"text-align: justify;\">Mientras tanto, la pol\u00e9mica se divide entre quienes apoyan la decisi\u00f3n de Fontanet y quienes creen que su libertad es injusta.<\/p>\n<p style=\"text-align: justify;\">Por Sol Monardez<\/p>\n","protected":false},"excerpt":{"rendered":"<p>El l\u00edder de Callejeros vuelve al ruedo con un nuevo proyecto musical, tras recuperar su libertad. El anuncio lo hizo en un recital de la Mona Jim\u00e9nez y fue ovacionado por todo el p\u00fablico presente. La Mona lo invit\u00f3 a subir al escenario y all\u00ed expres\u00f3 su alegr\u00eda por volver a cantar con su nueva [&hellip;]<\/p>\n","protected":false},"author":9,"featured_media":29460,"comment_status":"closed","ping_status":"closed","sticky":false,"template":"","format":"standard","meta":{"_seopress_robots_primary_cat":"","_seopress_titles_title":"","_seopress_titles_desc":"","_seopress_robots_index":"","footnotes":""},"categories":[5],"tags":[28864,28863],"class_list":{"0":"post-29459","1":"post","2":"type-post","3":"status-publish","4":"format-standard","5":"has-post-thumbnail","7":"category-musica","8":"tag-pato-fontanet-don-osvaldo","9":"tag-pato-fontanet-ex-lider-de-callejeros"},"_links":{"self":[{"href":"https:\/\/www.cordobatimes.com\/showup\/wp-json\/wp\/v2\/posts\/29459","targetHints":{"allow":["GET"]}}],"collection":[{"href":"https:\/\/www.cordobatimes.com\/showup\/wp-json\/wp\/v2\/posts"}],"about":[{"href":"https:\/\/www.cordobatimes.com\/showup\/wp-json\/wp\/v2\/types\/post"}],"author":[{"embeddable":true,"href":"https:\/\/www.cordobatimes.com\/showup\/wp-json\/wp\/v2\/users\/9"}],"replies":[{"embeddable":true,"href":"https:\/\/www.cordobatimes.com\/showup\/wp-json\/wp\/v2\/comments?post=29459"}],"version-history":[{"count":0,"href":"https:\/\/www.cordobatimes.com\/showup\/wp-json\/wp\/v2\/posts\/29459\/revisions"}],"wp:featuredmedia":[{"embeddable":true,"href":"https:\/\/www.cordobatimes.com\/showup\/wp-json\/wp\/v2\/media\/29460"}],"wp:attachment":[{"href":"https:\/\/www.cordobatimes.com\/showup\/wp-json\/wp\/v2\/media?parent=29459"}],"wp:term":[{"taxonomy":"category","embeddable":true,"href":"https:\/\/www.cordobatimes.com\/showup\/wp-json\/wp\/v2\/categories?post=29459"},{"taxonomy":"post_tag","embeddable":true,"href":"https:\/\/www.cordobatimes.com\/showup\/wp-json\/wp\/v2\/tags?post=29459"}],"curies":[{"name":"wp","href":"https:\/\/api.w.org\/{rel}","templated":true}]}}