{"id":29442,"date":"2014-09-29T15:14:53","date_gmt":"2014-09-29T18:14:53","guid":{"rendered":"http:\/\/cordobatimes.com\/showup\/?p=29442"},"modified":"2020-01-28T09:14:29","modified_gmt":"2020-01-28T12:14:29","slug":"horrible-situacion-para-valeria-mazza","status":"publish","type":"post","link":"https:\/\/www.cordobatimes.com\/showup\/famosos\/2014\/09\/29\/horrible-situacion-para-valeria-mazza\/","title":{"rendered":"Horrible situacion para Valeria Mazza"},"content":{"rendered":"<h3 style=\"text-align: justify;\"><b>Unas de las modelos m\u00e1s lindas y famosa de Argentina vivi\u00f3 un espantoso momento en el vuelo que la tra\u00eda de Miami. <\/b><\/h3>\n<p style=\"text-align: justify;\">Viajaba con su marido y sus cuatro hijos cuando comenzaron a insultarlos por las supuestas denuncias que tuvieron por estafas.<\/p>\n<p style=\"text-align: justify;\">Valeria Mazza y Alejandro Gravier, padres de Balthazar, Tiziano, Benicio y Ta\u00edna, se vieron se involucrados en dos denuncias por estafas y evasi\u00f3n de impuestos que se hicieron de p\u00fablico conocimiento pero que fueron desmentidas en un comunicas oficial de la empresa que ambos comandan<\/p>\n<p style=\"text-align: justify;\">Al parecer el mal momento no fue solamente cuando unas se\u00f1oras ubicadas detr\u00e1s de ellos comenzaron a gritarles que gastaban fortunas en pasajes mientras los denunciaban por evasi\u00f3n, sino tambi\u00e9n al momento de descender el avi\u00f3n volvieron los gritos reiterando lo dicho anteriormente. Un inc\u00f3modo viaje vivi\u00f3 la familia Mazza-Gravier.<\/p>\n<h3 style=\"text-align: justify;\"><a href=\"http:\/\/cordobatimes.com\/showup\/wp-content\/uploads\/2014\/09\/valeria-mazza.jpg\"><img loading=\"lazy\" decoding=\"async\" class=\"alignnone size-full wp-image-29443\" src=\"http:\/\/cordobatimes.com\/showup\/wp-content\/uploads\/2014\/09\/valeria-mazza.jpg\" alt=\"valeria mazza\" width=\"611\" height=\"308\" data-id=\"29443\" srcset=\"https:\/\/www.cordobatimes.com\/showup\/wp-content\/uploads\/2014\/09\/valeria-mazza.jpg 611w, https:\/\/www.cordobatimes.com\/showup\/wp-content\/uploads\/2014\/09\/valeria-mazza-300x151.jpg 300w, https:\/\/www.cordobatimes.com\/showup\/wp-content\/uploads\/2014\/09\/valeria-mazza-600x302.jpg 600w\" sizes=\"auto, (max-width: 611px) 100vw, 611px\" \/><\/a><\/h3>\n<p>Por Sol Monardez<\/p>\n<div><\/div>\n","protected":false},"excerpt":{"rendered":"<p>Unas de las modelos m\u00e1s lindas y famosa de Argentina vivi\u00f3 un espantoso momento en el vuelo que la tra\u00eda de Miami. Viajaba con su marido y sus cuatro hijos cuando comenzaron a insultarlos por las supuestas denuncias que tuvieron por estafas. Valeria Mazza y Alejandro Gravier, padres de Balthazar, Tiziano, Benicio y Ta\u00edna, se [&hellip;]<\/p>\n","protected":false},"author":9,"featured_media":29445,"comment_status":"closed","ping_status":"closed","sticky":false,"template":"","format":"standard","meta":{"_seopress_robots_primary_cat":"","_seopress_titles_title":"","_seopress_titles_desc":"","_seopress_robots_index":"","footnotes":""},"categories":[4],"tags":[28867,28868,28869,28870],"class_list":{"0":"post-29442","1":"post","2":"type-post","3":"status-publish","4":"format-standard","5":"has-post-thumbnail","7":"category-famosos","8":"tag-valeria-mazza-vuelo-de-miami","9":"tag-valeria-mazza-y-alejandro-gravier","10":"tag-valeria-mazza-y-alejandro-gravier-denuncias-por-estafas","11":"tag-valeria-mazza-y-alejandro-gravier-insultados-por-estafas"},"_links":{"self":[{"href":"https:\/\/www.cordobatimes.com\/showup\/wp-json\/wp\/v2\/posts\/29442","targetHints":{"allow":["GET"]}}],"collection":[{"href":"https:\/\/www.cordobatimes.com\/showup\/wp-json\/wp\/v2\/posts"}],"about":[{"href":"https:\/\/www.cordobatimes.com\/showup\/wp-json\/wp\/v2\/types\/post"}],"author":[{"embeddable":true,"href":"https:\/\/www.cordobatimes.com\/showup\/wp-json\/wp\/v2\/users\/9"}],"replies":[{"embeddable":true,"href":"https:\/\/www.cordobatimes.com\/showup\/wp-json\/wp\/v2\/comments?post=29442"}],"version-history":[{"count":0,"href":"https:\/\/www.cordobatimes.com\/showup\/wp-json\/wp\/v2\/posts\/29442\/revisions"}],"wp:featuredmedia":[{"embeddable":true,"href":"https:\/\/www.cordobatimes.com\/showup\/wp-json\/wp\/v2\/media\/29445"}],"wp:attachment":[{"href":"https:\/\/www.cordobatimes.com\/showup\/wp-json\/wp\/v2\/media?parent=29442"}],"wp:term":[{"taxonomy":"category","embeddable":true,"href":"https:\/\/www.cordobatimes.com\/showup\/wp-json\/wp\/v2\/categories?post=29442"},{"taxonomy":"post_tag","embeddable":true,"href":"https:\/\/www.cordobatimes.com\/showup\/wp-json\/wp\/v2\/tags?post=29442"}],"curies":[{"name":"wp","href":"https:\/\/api.w.org\/{rel}","templated":true}]}}