{"id":29408,"date":"2014-09-27T23:00:18","date_gmt":"2014-09-28T02:00:18","guid":{"rendered":"http:\/\/cordobatimes.com\/showup\/?p=29408"},"modified":"2020-01-28T09:28:40","modified_gmt":"2020-01-28T12:28:40","slug":"el-tirri-internado","status":"publish","type":"post","link":"https:\/\/www.cordobatimes.com\/showup\/famosos\/2014\/09\/27\/el-tirri-internado\/","title":{"rendered":"El Tirri: internado"},"content":{"rendered":"<h3 style=\"text-align: justify;\"><strong>El primo de Marcelo Tinelli se encuentra hospitalizado en el Sanatorio Colegiales. <\/strong><\/h3>\n<p style=\"text-align: justify;\">Seg\u00fan public\u00f3 el portal de noticias RatingCero.com, el ex participante del Bailando \u00a0fue trasladado en observaci\u00f3n y luego qued\u00f3 internado por problemas bronquiales y respiratorios.<\/p>\n<p style=\"text-align: justify;\">Un fuerte catarro con fiebre muy alta llevaron a El Tirri al Sanatorio Colegiales donde permanece internado en esta noche de s\u00e1bado.<\/p>\n<p style=\"text-align: justify;\">Ma\u00f1ana el medi\u00e1tico estaba invitado al programa de Mirtha Legrand en El Trece, pero no ser\u00e1 posible debido a este problema de salud.<\/p>\n<p style=\"text-align: justify;\">\n","protected":false},"excerpt":{"rendered":"<p>El primo de Marcelo Tinelli se encuentra hospitalizado en el Sanatorio Colegiales. Seg\u00fan public\u00f3 el portal de noticias RatingCero.com, el ex participante del Bailando \u00a0fue trasladado en observaci\u00f3n y luego qued\u00f3 internado por problemas bronquiales y respiratorios. Un fuerte catarro con fiebre muy alta llevaron a El Tirri al Sanatorio Colegiales donde permanece internado en [&hellip;]<\/p>\n","protected":false},"author":9,"featured_media":29409,"comment_status":"closed","ping_status":"closed","sticky":false,"template":"","format":"standard","meta":{"_seopress_robots_primary_cat":"","_seopress_titles_title":"","_seopress_titles_desc":"","_seopress_robots_index":"","footnotes":""},"categories":[4],"tags":[28875,28874],"class_list":{"0":"post-29408","1":"post","2":"type-post","3":"status-publish","4":"format-standard","5":"has-post-thumbnail","7":"category-famosos","8":"tag-el-tirri-con-problemas-bronquiales-y-respiratorios","9":"tag-primo-de-marcelo-tinelli"},"_links":{"self":[{"href":"https:\/\/www.cordobatimes.com\/showup\/wp-json\/wp\/v2\/posts\/29408","targetHints":{"allow":["GET"]}}],"collection":[{"href":"https:\/\/www.cordobatimes.com\/showup\/wp-json\/wp\/v2\/posts"}],"about":[{"href":"https:\/\/www.cordobatimes.com\/showup\/wp-json\/wp\/v2\/types\/post"}],"author":[{"embeddable":true,"href":"https:\/\/www.cordobatimes.com\/showup\/wp-json\/wp\/v2\/users\/9"}],"replies":[{"embeddable":true,"href":"https:\/\/www.cordobatimes.com\/showup\/wp-json\/wp\/v2\/comments?post=29408"}],"version-history":[{"count":0,"href":"https:\/\/www.cordobatimes.com\/showup\/wp-json\/wp\/v2\/posts\/29408\/revisions"}],"wp:featuredmedia":[{"embeddable":true,"href":"https:\/\/www.cordobatimes.com\/showup\/wp-json\/wp\/v2\/media\/29409"}],"wp:attachment":[{"href":"https:\/\/www.cordobatimes.com\/showup\/wp-json\/wp\/v2\/media?parent=29408"}],"wp:term":[{"taxonomy":"category","embeddable":true,"href":"https:\/\/www.cordobatimes.com\/showup\/wp-json\/wp\/v2\/categories?post=29408"},{"taxonomy":"post_tag","embeddable":true,"href":"https:\/\/www.cordobatimes.com\/showup\/wp-json\/wp\/v2\/tags?post=29408"}],"curies":[{"name":"wp","href":"https:\/\/api.w.org\/{rel}","templated":true}]}}