{"id":29393,"date":"2014-09-27T19:52:31","date_gmt":"2014-09-27T22:52:31","guid":{"rendered":"http:\/\/cordobatimes.com\/showup\/?p=29393"},"modified":"2020-01-28T09:32:53","modified_gmt":"2020-01-28T12:32:53","slug":"julio-bocca-protagonizo-fuerte-accidente-en-uruguay","status":"publish","type":"post","link":"https:\/\/www.cordobatimes.com\/showup\/famosos\/2014\/09\/27\/julio-bocca-protagonizo-fuerte-accidente-en-uruguay\/","title":{"rendered":"Julio Bocca protagoniz\u00f3 fuerte accidente en Uruguay"},"content":{"rendered":"<h3 style=\"text-align: justify;\"><strong>El bailar\u00edn volc\u00f3 mientras manejaba por la ruta Interbalnearia, a la altura del kil\u00f3metro 61 y medio, sobre el puente del arroyo El Bagre.<\/strong><\/h3>\n<p style=\"text-align: justify;\">El hecho ocurri\u00f3 cerca de la hora 17, cuando el artista, que conduc\u00eda su auto solo, despist\u00f3 para luego volcar.<\/p>\n<p style=\"text-align: justify;\">Seg\u00fan informan medios uruguayos, Bocca sufri\u00f3 traumatismos leves y fue trasladado al Hospital Brit\u00e1nico en Montevideo.<\/p>\n<p style=\"text-align: justify;\">Recordemos que Julio Bocca vive desde hace algunos a\u00f1os en Uruguay, donde se desempe\u00f1a como Director del Cuerpo de Baile del SODRE, designado por el presidente Jos\u00e9 Mujica.<\/p>\n","protected":false},"excerpt":{"rendered":"<p>El bailar\u00edn volc\u00f3 mientras manejaba por la ruta Interbalnearia, a la altura del kil\u00f3metro 61 y medio, sobre el puente del arroyo El Bagre. El hecho ocurri\u00f3 cerca de la hora 17, cuando el artista, que conduc\u00eda su auto solo, despist\u00f3 para luego volcar. Seg\u00fan informan medios uruguayos, Bocca sufri\u00f3 traumatismos leves y fue trasladado [&hellip;]<\/p>\n","protected":false},"author":9,"featured_media":29394,"comment_status":"closed","ping_status":"closed","sticky":false,"template":"","format":"standard","meta":{"_seopress_robots_primary_cat":"","_seopress_titles_title":"","_seopress_titles_desc":"","_seopress_robots_index":"","footnotes":""},"categories":[4],"tags":[28876],"class_list":{"0":"post-29393","1":"post","2":"type-post","3":"status-publish","4":"format-standard","5":"has-post-thumbnail","7":"category-famosos","8":"tag-accidente-de-julio-bocca-en-uruguay"},"_links":{"self":[{"href":"https:\/\/www.cordobatimes.com\/showup\/wp-json\/wp\/v2\/posts\/29393","targetHints":{"allow":["GET"]}}],"collection":[{"href":"https:\/\/www.cordobatimes.com\/showup\/wp-json\/wp\/v2\/posts"}],"about":[{"href":"https:\/\/www.cordobatimes.com\/showup\/wp-json\/wp\/v2\/types\/post"}],"author":[{"embeddable":true,"href":"https:\/\/www.cordobatimes.com\/showup\/wp-json\/wp\/v2\/users\/9"}],"replies":[{"embeddable":true,"href":"https:\/\/www.cordobatimes.com\/showup\/wp-json\/wp\/v2\/comments?post=29393"}],"version-history":[{"count":0,"href":"https:\/\/www.cordobatimes.com\/showup\/wp-json\/wp\/v2\/posts\/29393\/revisions"}],"wp:featuredmedia":[{"embeddable":true,"href":"https:\/\/www.cordobatimes.com\/showup\/wp-json\/wp\/v2\/media\/29394"}],"wp:attachment":[{"href":"https:\/\/www.cordobatimes.com\/showup\/wp-json\/wp\/v2\/media?parent=29393"}],"wp:term":[{"taxonomy":"category","embeddable":true,"href":"https:\/\/www.cordobatimes.com\/showup\/wp-json\/wp\/v2\/categories?post=29393"},{"taxonomy":"post_tag","embeddable":true,"href":"https:\/\/www.cordobatimes.com\/showup\/wp-json\/wp\/v2\/tags?post=29393"}],"curies":[{"name":"wp","href":"https:\/\/api.w.org\/{rel}","templated":true}]}}