{"id":29382,"date":"2014-09-27T17:38:39","date_gmt":"2014-09-27T20:38:39","guid":{"rendered":"http:\/\/cordobatimes.com\/showup\/?p=29382"},"modified":"2020-01-28T09:33:34","modified_gmt":"2020-01-28T12:33:34","slug":"relatos-salvajes-fue-premiada-en-san-sebastian","status":"publish","type":"post","link":"https:\/\/www.cordobatimes.com\/showup\/cine-y-series\/2014\/09\/27\/relatos-salvajes-fue-premiada-en-san-sebastian\/","title":{"rendered":"\u00abRelatos Salvajes\u00bb fue premiada en San Sebasti\u00e1n"},"content":{"rendered":"<h3 style=\"text-align: justify;\"><strong>El film del argentino Dami\u00e1n Szifr\u00f3n, recibi\u00f3 el Premio del P\u00fablico a la Mejor Pel\u00edcula Europea en el \u00a0reconocido Festival de Cine.\u00a0<\/strong><\/h3>\n<p style=\"text-align: justify;\">Coproducci\u00f3n entre Argentina y Espa\u00f1a, el filme de Szifr\u00f3n, que en el pa\u00eds super\u00f3 los 2,5 millones de espectadores, transform\u00e1ndose en la pel\u00edcula m\u00e1s taquillera de la historia de la cinematograf\u00eda local desde que hay mediciones confiables, particip\u00f3 en San Sebasti\u00e1n en la secci\u00f3n Perlas.<\/p>\n<p style=\"text-align: justify;\">El premio consta de una recompensa en efectivo de 20.000 euros destinados a la distribuidora del filme en Espa\u00f1a.<\/p>\n<p style=\"text-align: justify;\">Estrenada en premiere mundial en el ultimo Festival de Cannes, la pel\u00edcula tuvo una excelente recepci\u00f3n tanto dentro como fuera de las salas en el Festival de San Sebasti\u00e1n, donde fue aplaudida durante y al t\u00e9rmino de su proyecci\u00f3n.<\/p>\n<p style=\"text-align: justify;\">Muchos de los espectadores que asistieron a la exhibici\u00f3n del filme de Szifr\u00f3n aplaudieron incluso en algunas escenas espec\u00edficas y al final de cada uno de los episodios que lo componen, y ese entusiasmo se propag\u00f3 luego al Palacio Kursaal entre los periodistas que asistieron a la conferencia de prensa.<\/p>\n<p style=\"text-align: justify;\">Szifr\u00f3n, los actores Ricardo Dar\u00edn y Leonardo Sbaraglia, y los productores espa\u00f1oles Agust\u00edn y Pedro Almod\u00f3var, participaron de lo que fue el virtual lanzamiento del filme en Espa\u00f1a, a partir de su participaci\u00f3n en el festival de cine del Pa\u00eds Vasco.<\/p>\n","protected":false},"excerpt":{"rendered":"<p>El film del argentino Dami\u00e1n Szifr\u00f3n, recibi\u00f3 el Premio del P\u00fablico a la Mejor Pel\u00edcula Europea en el \u00a0reconocido Festival de Cine.\u00a0 Coproducci\u00f3n entre Argentina y Espa\u00f1a, el filme de Szifr\u00f3n, que en el pa\u00eds super\u00f3 los 2,5 millones de espectadores, transform\u00e1ndose en la pel\u00edcula m\u00e1s taquillera de la historia de la cinematograf\u00eda local desde [&hellip;]<\/p>\n","protected":false},"author":9,"featured_media":29383,"comment_status":"closed","ping_status":"closed","sticky":false,"template":"","format":"standard","meta":{"_seopress_robots_primary_cat":"","_seopress_titles_title":"","_seopress_titles_desc":"","_seopress_robots_index":"","footnotes":""},"categories":[3],"tags":[28878,28877],"class_list":{"0":"post-29382","1":"post","2":"type-post","3":"status-publish","4":"format-standard","5":"has-post-thumbnail","7":"category-cine-y-series","8":"tag-relatos-salvajes-festival-de-cine-de-san-sebastian","9":"tag-relatos-salvajes-mejor-pelicula-europea"},"_links":{"self":[{"href":"https:\/\/www.cordobatimes.com\/showup\/wp-json\/wp\/v2\/posts\/29382","targetHints":{"allow":["GET"]}}],"collection":[{"href":"https:\/\/www.cordobatimes.com\/showup\/wp-json\/wp\/v2\/posts"}],"about":[{"href":"https:\/\/www.cordobatimes.com\/showup\/wp-json\/wp\/v2\/types\/post"}],"author":[{"embeddable":true,"href":"https:\/\/www.cordobatimes.com\/showup\/wp-json\/wp\/v2\/users\/9"}],"replies":[{"embeddable":true,"href":"https:\/\/www.cordobatimes.com\/showup\/wp-json\/wp\/v2\/comments?post=29382"}],"version-history":[{"count":0,"href":"https:\/\/www.cordobatimes.com\/showup\/wp-json\/wp\/v2\/posts\/29382\/revisions"}],"wp:featuredmedia":[{"embeddable":true,"href":"https:\/\/www.cordobatimes.com\/showup\/wp-json\/wp\/v2\/media\/29383"}],"wp:attachment":[{"href":"https:\/\/www.cordobatimes.com\/showup\/wp-json\/wp\/v2\/media?parent=29382"}],"wp:term":[{"taxonomy":"category","embeddable":true,"href":"https:\/\/www.cordobatimes.com\/showup\/wp-json\/wp\/v2\/categories?post=29382"},{"taxonomy":"post_tag","embeddable":true,"href":"https:\/\/www.cordobatimes.com\/showup\/wp-json\/wp\/v2\/tags?post=29382"}],"curies":[{"name":"wp","href":"https:\/\/api.w.org\/{rel}","templated":true}]}}