{"id":29371,"date":"2014-09-27T15:37:09","date_gmt":"2014-09-27T18:37:09","guid":{"rendered":"http:\/\/cordobatimes.com\/showup\/?p=29371"},"modified":"2020-01-28T09:44:09","modified_gmt":"2020-01-28T12:44:09","slug":"distincion-a-benicio-del-toro-por-su-trayectoria","status":"publish","type":"post","link":"https:\/\/www.cordobatimes.com\/showup\/cine-y-series\/2014\/09\/27\/distincion-a-benicio-del-toro-por-su-trayectoria\/","title":{"rendered":"Distinci\u00f3n a Benicio del Toro por su trayectoria"},"content":{"rendered":"<p>&nbsp;<\/p>\n<h3 style=\"text-align: justify;\"><b>El actor puertorrique\u00f1o, particip\u00f3 en la 62 edici\u00f3n del Festival Internacional de Cine de San Sebasti\u00e1n, donde recibi\u00f3 el Premio Donostia, el cual fue en reconocimiento a su carrera.<\/b><\/h3>\n<p style=\"text-align: justify;\">Del Toro, int\u00e9rprete de \u00abEscobar: Para\u00edso perdido\u00bb, la pel\u00edcula dirigida por el italiano Andrea Di Stefano, afirm\u00f3 que \u00bb es un gran honor recibir el Premio Donostia y ademas es la primera vez que recibo un galard\u00f3n de este tama\u00f1o. Para m\u00ed, este es uno de los festivales que mas me gustan\u00bb.<\/p>\n<p style=\"text-align: justify;\">Despu\u00e9s de haber interpretado a personajes hist\u00f3ricos como Pablo Escobar, el artista pl\u00e1stico Basquiat y el l\u00edder guerrillero argentino Che Guevara, el actor sostuvo en rueda de prensa que \u201cinterpretar a personas reales no es m\u00e1s f\u00e1cil o m\u00e1s dif\u00edcil, es b\u00e1sicamente un trabajo y todo depende de la sensibilidad de los actores y directores de los que te rodeas\u201d.<\/p>\n<p style=\"text-align: justify;\">A la hora de definir su m\u00e9todo de trabajo para el desarrollo de este film dijo que, \u201cUno estudia al personaje, hace la labor de investigaci\u00f3n casi de un periodista, pero cuando empieza el rodaje uno se olvida de todo y act\u00faa\u201d.<\/p>\n<p>Por \u00a0Sol Monardez<\/p>\n<p>&nbsp;<\/p>\n","protected":false},"excerpt":{"rendered":"<p>&nbsp; El actor puertorrique\u00f1o, particip\u00f3 en la 62 edici\u00f3n del Festival Internacional de Cine de San Sebasti\u00e1n, donde recibi\u00f3 el Premio Donostia, el cual fue en reconocimiento a su carrera. Del Toro, int\u00e9rprete de \u00abEscobar: Para\u00edso perdido\u00bb, la pel\u00edcula dirigida por el italiano Andrea Di Stefano, afirm\u00f3 que \u00bb es un gran honor recibir el [&hellip;]<\/p>\n","protected":false},"author":9,"featured_media":29374,"comment_status":"closed","ping_status":"closed","sticky":false,"template":"","format":"standard","meta":{"_seopress_robots_primary_cat":"","_seopress_titles_title":"","_seopress_titles_desc":"","_seopress_robots_index":"","footnotes":""},"categories":[3],"tags":[28879],"class_list":{"0":"post-29371","1":"post","2":"type-post","3":"status-publish","4":"format-standard","5":"has-post-thumbnail","7":"category-cine-y-series","8":"tag-benicio-del-toro-premio-donostia"},"_links":{"self":[{"href":"https:\/\/www.cordobatimes.com\/showup\/wp-json\/wp\/v2\/posts\/29371","targetHints":{"allow":["GET"]}}],"collection":[{"href":"https:\/\/www.cordobatimes.com\/showup\/wp-json\/wp\/v2\/posts"}],"about":[{"href":"https:\/\/www.cordobatimes.com\/showup\/wp-json\/wp\/v2\/types\/post"}],"author":[{"embeddable":true,"href":"https:\/\/www.cordobatimes.com\/showup\/wp-json\/wp\/v2\/users\/9"}],"replies":[{"embeddable":true,"href":"https:\/\/www.cordobatimes.com\/showup\/wp-json\/wp\/v2\/comments?post=29371"}],"version-history":[{"count":0,"href":"https:\/\/www.cordobatimes.com\/showup\/wp-json\/wp\/v2\/posts\/29371\/revisions"}],"wp:featuredmedia":[{"embeddable":true,"href":"https:\/\/www.cordobatimes.com\/showup\/wp-json\/wp\/v2\/media\/29374"}],"wp:attachment":[{"href":"https:\/\/www.cordobatimes.com\/showup\/wp-json\/wp\/v2\/media?parent=29371"}],"wp:term":[{"taxonomy":"category","embeddable":true,"href":"https:\/\/www.cordobatimes.com\/showup\/wp-json\/wp\/v2\/categories?post=29371"},{"taxonomy":"post_tag","embeddable":true,"href":"https:\/\/www.cordobatimes.com\/showup\/wp-json\/wp\/v2\/tags?post=29371"}],"curies":[{"name":"wp","href":"https:\/\/api.w.org\/{rel}","templated":true}]}}