{"id":29286,"date":"2014-09-26T14:58:08","date_gmt":"2014-09-26T17:58:08","guid":{"rendered":"http:\/\/cordobatimes.com\/showup\/?p=29286"},"modified":"2019-11-12T17:31:15","modified_gmt":"2019-11-12T20:31:15","slug":"julio-bocca-y-un-gran-reconocimiento","status":"publish","type":"post","link":"https:\/\/www.cordobatimes.com\/showup\/famosos\/2014\/09\/26\/julio-bocca-y-un-gran-reconocimiento\/","title":{"rendered":"Julio Bocca y un gran reconocimiento"},"content":{"rendered":"<p style=\"text-align: justify;\">\n<h3 style=\"text-align: justify;\"><strong>El bailar\u00edn recibir\u00e1 el Premio Universidad Cultura 400 a\u00f1os en un acto abierto al p\u00fablico en general. <\/strong><\/h3>\n<p style=\"text-align: justify;\">La premiaci\u00f3n se llevar\u00e1 a cabo el lunes 29 de septiembre a las 10 en el sal\u00f3n de actos del Pabell\u00f3n Argentina que se encuentra en Ciudad Universitaria.<\/p>\n<p style=\"text-align: justify;\">Durante 2014 recibieron este reconocimiento por su trayectoria y compromiso con el quehacer cultural Paco Gimenez, Chango Spasiuk, Jorge Arduh y Mario Luna.<strong><br \/>\n<\/strong><\/p>\n<p style=\"text-align: justify;\">Desde su fundaci\u00f3n, Bocca promueve la formaci\u00f3n de individuos en diferentes disciplinas art\u00edsticas con el objetivo de difundir el arte a nivel masivo.<\/p>\n<p style=\"text-align: justify;\">Las invitaciones se podr\u00e1n retirar de 9 a 13 horas en el Stand de Informes del Pabell\u00f3n.<\/p>\n<p style=\"text-align: justify;\">\n<p>&nbsp;<\/p>\n","protected":false},"excerpt":{"rendered":"<p>El bailar\u00edn recibir\u00e1 el Premio Universidad Cultura 400 a\u00f1os en un acto abierto al p\u00fablico en general. La premiaci\u00f3n se llevar\u00e1 a cabo el lunes 29 de septiembre a las 10 en el sal\u00f3n de actos del Pabell\u00f3n Argentina que se encuentra en Ciudad Universitaria. Durante 2014 recibieron este reconocimiento por su trayectoria y compromiso [&hellip;]<\/p>\n","protected":false},"author":9,"featured_media":29287,"comment_status":"closed","ping_status":"closed","sticky":false,"template":"","format":"standard","meta":{"_seopress_robots_primary_cat":"","_seopress_titles_title":"","_seopress_titles_desc":"","_seopress_robots_index":"","footnotes":""},"categories":[4],"tags":[25597],"class_list":{"0":"post-29286","1":"post","2":"type-post","3":"status-publish","4":"format-standard","5":"has-post-thumbnail","7":"category-famosos","8":"tag-julio-bocca-premio-universidad-cultura"},"_links":{"self":[{"href":"https:\/\/www.cordobatimes.com\/showup\/wp-json\/wp\/v2\/posts\/29286","targetHints":{"allow":["GET"]}}],"collection":[{"href":"https:\/\/www.cordobatimes.com\/showup\/wp-json\/wp\/v2\/posts"}],"about":[{"href":"https:\/\/www.cordobatimes.com\/showup\/wp-json\/wp\/v2\/types\/post"}],"author":[{"embeddable":true,"href":"https:\/\/www.cordobatimes.com\/showup\/wp-json\/wp\/v2\/users\/9"}],"replies":[{"embeddable":true,"href":"https:\/\/www.cordobatimes.com\/showup\/wp-json\/wp\/v2\/comments?post=29286"}],"version-history":[{"count":0,"href":"https:\/\/www.cordobatimes.com\/showup\/wp-json\/wp\/v2\/posts\/29286\/revisions"}],"wp:featuredmedia":[{"embeddable":true,"href":"https:\/\/www.cordobatimes.com\/showup\/wp-json\/wp\/v2\/media\/29287"}],"wp:attachment":[{"href":"https:\/\/www.cordobatimes.com\/showup\/wp-json\/wp\/v2\/media?parent=29286"}],"wp:term":[{"taxonomy":"category","embeddable":true,"href":"https:\/\/www.cordobatimes.com\/showup\/wp-json\/wp\/v2\/categories?post=29286"},{"taxonomy":"post_tag","embeddable":true,"href":"https:\/\/www.cordobatimes.com\/showup\/wp-json\/wp\/v2\/tags?post=29286"}],"curies":[{"name":"wp","href":"https:\/\/api.w.org\/{rel}","templated":true}]}}