{"id":29282,"date":"2014-09-26T14:55:32","date_gmt":"2014-09-26T17:55:32","guid":{"rendered":"http:\/\/cordobatimes.com\/showup\/?p=29282"},"modified":"2020-01-28T09:57:46","modified_gmt":"2020-01-28T12:57:46","slug":"justin-bieber-internado","status":"publish","type":"post","link":"https:\/\/www.cordobatimes.com\/showup\/famosos\/2014\/09\/26\/justin-bieber-internado\/","title":{"rendered":"Justin Bieber internado"},"content":{"rendered":"<h3 style=\"text-align: justify;\"><strong>El cantante canadiense pas\u00f3 un mal momento al ser hospitalizado por tirarse de un acantilado y perforarse el t\u00edmpano.<\/strong><\/h3>\n<p style=\"text-align: justify;\">El \u00eddolo teen deber\u00eda someterse a una operaci\u00f3n para reparar su o\u00eddo luego del fuerte impacto que sufri\u00f3.<\/p>\n<p style=\"text-align: justify;\">El propio Justin comunico a sus fan\u00e1ticas su accidente a trav\u00e9s de su cuenta de Twitter: \u00a0\u00abMe he roto el t\u00edmpano al saltar desde un acantilado. Los m\u00e9dicos dicen que podr\u00eda necesitar una cirug\u00eda \u00a1Qu\u00e9 asco! Mi t\u00edmpano podr\u00eda retrasarnos un poco, pero volver\u00e9 con nueva m\u00fasica. Mucho amor para todos. \u00a1Maldito seas salto de acantilado!\u00bb<\/p>\n<div><\/div>\n","protected":false},"excerpt":{"rendered":"<p>El cantante canadiense pas\u00f3 un mal momento al ser hospitalizado por tirarse de un acantilado y perforarse el t\u00edmpano. El \u00eddolo teen deber\u00eda someterse a una operaci\u00f3n para reparar su o\u00eddo luego del fuerte impacto que sufri\u00f3. El propio Justin comunico a sus fan\u00e1ticas su accidente a trav\u00e9s de su cuenta de Twitter: \u00a0\u00abMe he [&hellip;]<\/p>\n","protected":false},"author":9,"featured_media":29283,"comment_status":"closed","ping_status":"closed","sticky":false,"template":"","format":"standard","meta":{"_seopress_robots_primary_cat":"","_seopress_titles_title":"","_seopress_titles_desc":"","_seopress_robots_index":"","footnotes":""},"categories":[4],"tags":[28886,28885,28884],"class_list":{"0":"post-29282","1":"post","2":"type-post","3":"status-publish","4":"format-standard","5":"has-post-thumbnail","7":"category-famosos","8":"tag-justin-bieber-salto-de-un-acantilado","9":"tag-justin-bieber-se-perforo-el-timpano","10":"tag-operacion-de-justin-bieber"},"_links":{"self":[{"href":"https:\/\/www.cordobatimes.com\/showup\/wp-json\/wp\/v2\/posts\/29282","targetHints":{"allow":["GET"]}}],"collection":[{"href":"https:\/\/www.cordobatimes.com\/showup\/wp-json\/wp\/v2\/posts"}],"about":[{"href":"https:\/\/www.cordobatimes.com\/showup\/wp-json\/wp\/v2\/types\/post"}],"author":[{"embeddable":true,"href":"https:\/\/www.cordobatimes.com\/showup\/wp-json\/wp\/v2\/users\/9"}],"replies":[{"embeddable":true,"href":"https:\/\/www.cordobatimes.com\/showup\/wp-json\/wp\/v2\/comments?post=29282"}],"version-history":[{"count":0,"href":"https:\/\/www.cordobatimes.com\/showup\/wp-json\/wp\/v2\/posts\/29282\/revisions"}],"wp:featuredmedia":[{"embeddable":true,"href":"https:\/\/www.cordobatimes.com\/showup\/wp-json\/wp\/v2\/media\/29283"}],"wp:attachment":[{"href":"https:\/\/www.cordobatimes.com\/showup\/wp-json\/wp\/v2\/media?parent=29282"}],"wp:term":[{"taxonomy":"category","embeddable":true,"href":"https:\/\/www.cordobatimes.com\/showup\/wp-json\/wp\/v2\/categories?post=29282"},{"taxonomy":"post_tag","embeddable":true,"href":"https:\/\/www.cordobatimes.com\/showup\/wp-json\/wp\/v2\/tags?post=29282"}],"curies":[{"name":"wp","href":"https:\/\/api.w.org\/{rel}","templated":true}]}}