{"id":29272,"date":"2014-09-25T14:24:22","date_gmt":"2014-09-25T17:24:22","guid":{"rendered":"http:\/\/cordobatimes.com\/showup\/?p=29272"},"modified":"2020-01-28T10:15:55","modified_gmt":"2020-01-28T13:15:55","slug":"liam-neeson-confirmo-su-participacion-en-ted-2","status":"publish","type":"post","link":"https:\/\/www.cordobatimes.com\/showup\/cine-y-series\/2014\/09\/25\/liam-neeson-confirmo-su-participacion-en-ted-2\/","title":{"rendered":"Liam Neeson confirm\u00f3 su participaci\u00f3n en \u00abTed 2\u00bb"},"content":{"rendered":"<h3 style=\"text-align: justify;\"><strong>El reconocido actor estar\u00e1 en la secuela sobre el irreverente osito de peluche, creaci\u00f3n del c\u00f3mico Seth MacFarlane, que llegar\u00e1 a los cines en junio de 2015.<\/strong><\/h3>\n<p style=\"text-align: justify;\">Lo ha anunciado el propio MacFarlane en un tweet en el que tambi\u00e9n mencionaba al otro gran fichaje de la secuela, ya anunciado hace unas semanas: \u00abAyer Liam Neeson, hoy Morgan Freeman. No ha sido una mala semana para #Ted2\u00bb.<\/p>\n<p style=\"text-align: justify;\">De Freeman sabemos que interpretar\u00e1 a un abogado especializado en derechos civiles, pero a\u00fan no hay informaci\u00f3n sobre el rol de Neeson, que seg\u00fan el tweet podr\u00eda haber participado en el rodaje tan solo un d\u00eda.<\/p>\n<p style=\"text-align: justify;\">No es la primera vez que este actor trabaja con Macfarlane. Ambos ya han estado juntos en Mil maneras de morder el polvo, la comedia sobre el salvaje Oeste que llego a la gran pantalla el pasado julio y que dirigi\u00f3, escribi\u00f3 y protagoniz\u00f3 el propio MacFarlane.<\/p>\n<p style=\"text-align: justify;\">\u00abTed 2\u00bb volver\u00e1 a estar escrita y dirigida por MacFarlane, el famoso c\u00f3mico creador de series como \u00abPadre de familia\u00bb o \u00abAmerican Dad\u00bb.<\/p>\n<p style=\"text-align: justify;\">La cinta llegar\u00e1 a los cines de Estados Unidos el 26 de junio de 2015, a\u00fan sin fecha para su estreno en cines latinos. Producida por el propio MacFarlane, contar\u00e1 de nuevo con Mark Wahlberg en el papel de co-protagonista junto al propio Ted.<\/p>\n<p style=\"text-align: justify;\">Amanda Seyfried tambi\u00e9n participar\u00e1 en la cinta como el principal papel femenino, aunque se espera que Mila Kunis, presente en la primera pel\u00edcula de Ted, regrese en esta secuela.<\/p>\n","protected":false},"excerpt":{"rendered":"<p>El reconocido actor estar\u00e1 en la secuela sobre el irreverente osito de peluche, creaci\u00f3n del c\u00f3mico Seth MacFarlane, que llegar\u00e1 a los cines en junio de 2015. Lo ha anunciado el propio MacFarlane en un tweet en el que tambi\u00e9n mencionaba al otro gran fichaje de la secuela, ya anunciado hace unas semanas: \u00abAyer Liam [&hellip;]<\/p>\n","protected":false},"author":9,"featured_media":29273,"comment_status":"closed","ping_status":"closed","sticky":false,"template":"","format":"standard","meta":{"_seopress_robots_primary_cat":"","_seopress_titles_title":"","_seopress_titles_desc":"","_seopress_robots_index":"","footnotes":""},"categories":[3],"tags":[28887],"class_list":{"0":"post-29272","1":"post","2":"type-post","3":"status-publish","4":"format-standard","5":"has-post-thumbnail","7":"category-cine-y-series","8":"tag-liam-neeson-ted-2"},"_links":{"self":[{"href":"https:\/\/www.cordobatimes.com\/showup\/wp-json\/wp\/v2\/posts\/29272","targetHints":{"allow":["GET"]}}],"collection":[{"href":"https:\/\/www.cordobatimes.com\/showup\/wp-json\/wp\/v2\/posts"}],"about":[{"href":"https:\/\/www.cordobatimes.com\/showup\/wp-json\/wp\/v2\/types\/post"}],"author":[{"embeddable":true,"href":"https:\/\/www.cordobatimes.com\/showup\/wp-json\/wp\/v2\/users\/9"}],"replies":[{"embeddable":true,"href":"https:\/\/www.cordobatimes.com\/showup\/wp-json\/wp\/v2\/comments?post=29272"}],"version-history":[{"count":0,"href":"https:\/\/www.cordobatimes.com\/showup\/wp-json\/wp\/v2\/posts\/29272\/revisions"}],"wp:featuredmedia":[{"embeddable":true,"href":"https:\/\/www.cordobatimes.com\/showup\/wp-json\/wp\/v2\/media\/29273"}],"wp:attachment":[{"href":"https:\/\/www.cordobatimes.com\/showup\/wp-json\/wp\/v2\/media?parent=29272"}],"wp:term":[{"taxonomy":"category","embeddable":true,"href":"https:\/\/www.cordobatimes.com\/showup\/wp-json\/wp\/v2\/categories?post=29272"},{"taxonomy":"post_tag","embeddable":true,"href":"https:\/\/www.cordobatimes.com\/showup\/wp-json\/wp\/v2\/tags?post=29272"}],"curies":[{"name":"wp","href":"https:\/\/api.w.org\/{rel}","templated":true}]}}