{"id":29239,"date":"2014-09-25T13:56:43","date_gmt":"2014-09-25T16:56:43","guid":{"rendered":"http:\/\/cordobatimes.com\/showup\/?p=29239"},"modified":"2020-01-28T10:21:31","modified_gmt":"2020-01-28T13:21:31","slug":"el-reconocido-central-perk-llego-a-cordoba","status":"publish","type":"post","link":"https:\/\/www.cordobatimes.com\/showup\/curiosidades\/2014\/09\/25\/el-reconocido-central-perk-llego-a-cordoba\/","title":{"rendered":"El reconocido \u00abCentral Perk\u00bb lleg\u00f3 a C\u00f3rdoba"},"content":{"rendered":"<h3 style=\"text-align: justify;\"><strong>El caf\u00e9 se encuentra ubicado sobre la avenida Rafael N\u00fa\u00f1ez (m\u00e1s exactamente al 3912) y lleg\u00f3 para quedarse. <\/strong><\/h3>\n<p style=\"text-align: justify;\">Cualquiera que haya visto \u00abFriends\u00bb comprende qu\u00e9 es un Central Perk y lo m\u00e1s llamativo es que se encuentre pleno Cerro de las Rosas.<\/p>\n<p style=\"text-align: justify;\">Se trata de un emprendimiento de Florencia Astrada y David Campos, un matrimonio fan\u00e1tico de la serie que, poco m\u00e1s de un a\u00f1o atr\u00e1s, inaugur\u00f3 esta curiosa sucursal.<\/p>\n<p style=\"text-align: justify;\">\u201cDesde que \u00e9ramos novios que vemos la serie. Nos casamos y tuvimos hijos. Despu\u00e9s nos quedamos sin trabajo casi al mismo tiempo, y quisimos armar algo que nos uniera. As\u00ed surgi\u00f3 la idea\u201d, explica Astrada sobre el bar, que comenz\u00f3 siendo \u201ccafetero\u201d y luego ampli\u00f3 su oferta gastron\u00f3mica a diferentes platos y tragos. Algunos, incluso, llevan los nombres de los personajes de Friends, elegidos \u201cseg\u00fan el car\u00e1cter de cada uno\u201d.<\/p>\n<p style=\"text-align: justify;\">\u201cCon el correr de los meses fuimos \u2018argentinizando\u2019 la carta\u201d, agrega. \u201cA la gente no le gustaba la taza grande de caf\u00e9, como la que toman en la serie, as\u00ed que de a poco nos adecuamos al cliente de ac\u00e1\u201d.<\/p>\n<p style=\"text-align: justify;\">Florencia dice que lograron conseguir una r\u00e9plica del sill\u00f3n que se ve en el Central Perk original, y que ya es un cl\u00e1sico que los clientes se sienten all\u00ed y se tomen fotograf\u00edas, al igual que en la fachada.<\/p>\n<p style=\"text-align: justify;\">Lugar de encuentro para fan\u00e1ticos de las series televisivas, el Central Perk cordob\u00e9s no pod\u00eda quedarse afuera de este vig\u00e9simo aniversario de Friends.<\/p>\n<p style=\"text-align: justify;\">Por eso, seg\u00fan adelantaron sus propietarios a La Voz del Interior, \u00a0para el \u00faltimo fin de semana de este mes tienen planeado armar una gran fiesta para celebrar este cl\u00e1sico de los \u201890 junto a otros seguidores.<\/p>\n<p style=\"text-align: justify;\">Foto: Facundo Luque.<\/p>\n","protected":false},"excerpt":{"rendered":"<p>El caf\u00e9 se encuentra ubicado sobre la avenida Rafael N\u00fa\u00f1ez (m\u00e1s exactamente al 3912) y lleg\u00f3 para quedarse. Cualquiera que haya visto \u00abFriends\u00bb comprende qu\u00e9 es un Central Perk y lo m\u00e1s llamativo es que se encuentre pleno Cerro de las Rosas. Se trata de un emprendimiento de Florencia Astrada y David Campos, un matrimonio [&hellip;]<\/p>\n","protected":false},"author":9,"featured_media":29260,"comment_status":"closed","ping_status":"closed","sticky":false,"template":"","format":"standard","meta":{"_seopress_robots_primary_cat":"","_seopress_titles_title":"","_seopress_titles_desc":"","_seopress_robots_index":"","footnotes":""},"categories":[8],"tags":[9412,28888],"class_list":{"0":"post-29239","1":"post","2":"type-post","3":"status-publish","4":"format-standard","5":"has-post-thumbnail","7":"category-curiosidades","8":"tag-central-perk-en-cordoba","9":"tag-central-perk-friends"},"_links":{"self":[{"href":"https:\/\/www.cordobatimes.com\/showup\/wp-json\/wp\/v2\/posts\/29239","targetHints":{"allow":["GET"]}}],"collection":[{"href":"https:\/\/www.cordobatimes.com\/showup\/wp-json\/wp\/v2\/posts"}],"about":[{"href":"https:\/\/www.cordobatimes.com\/showup\/wp-json\/wp\/v2\/types\/post"}],"author":[{"embeddable":true,"href":"https:\/\/www.cordobatimes.com\/showup\/wp-json\/wp\/v2\/users\/9"}],"replies":[{"embeddable":true,"href":"https:\/\/www.cordobatimes.com\/showup\/wp-json\/wp\/v2\/comments?post=29239"}],"version-history":[{"count":0,"href":"https:\/\/www.cordobatimes.com\/showup\/wp-json\/wp\/v2\/posts\/29239\/revisions"}],"wp:featuredmedia":[{"embeddable":true,"href":"https:\/\/www.cordobatimes.com\/showup\/wp-json\/wp\/v2\/media\/29260"}],"wp:attachment":[{"href":"https:\/\/www.cordobatimes.com\/showup\/wp-json\/wp\/v2\/media?parent=29239"}],"wp:term":[{"taxonomy":"category","embeddable":true,"href":"https:\/\/www.cordobatimes.com\/showup\/wp-json\/wp\/v2\/categories?post=29239"},{"taxonomy":"post_tag","embeddable":true,"href":"https:\/\/www.cordobatimes.com\/showup\/wp-json\/wp\/v2\/tags?post=29239"}],"curies":[{"name":"wp","href":"https:\/\/api.w.org\/{rel}","templated":true}]}}