{"id":29181,"date":"2014-09-24T14:39:35","date_gmt":"2014-09-24T17:39:35","guid":{"rendered":"http:\/\/cordobatimes.com\/showup\/?p=29181"},"modified":"2020-01-28T10:51:13","modified_gmt":"2020-01-28T13:51:13","slug":"en-el-ojo-de-la-tormenta","status":"publish","type":"post","link":"https:\/\/www.cordobatimes.com\/showup\/famosos\/2014\/09\/24\/en-el-ojo-de-la-tormenta\/","title":{"rendered":"En el ojo de la tormenta"},"content":{"rendered":"<h3 style=\"text-align: justify;\"><strong>Sofia Gala embarazada de siete meses hizo declaraciones a favor de la legalizaci\u00f3n del aborto y como siempre levant\u00f3 fuerte pol\u00e9mica, provocando un \u00a0gran debate en las redes sociales.<\/strong><\/h3>\n<p style=\"text-align: justify;\">La hija de Moria dio una nota para la revista \u00abLa garganta poderosa\u00bb mostrando su panza con una inscripci\u00f3n que dec\u00eda \u00aben mi cuerpo decido yo\u00bb.<\/p>\n<p style=\"text-align: justify;\">Entre todas las declaraciones dadas dejo bien claro que \u00abSi yo voy a parir, yo voy a elegir\u00bb, cuestionando a todos los que opinaron en estos a\u00f1os a cerca de sus adicciones y como fue el proceso de su embarazo anterior.<\/p>\n<p style=\"text-align: center;\"><a href=\"http:\/\/cordobatimes.com\/showup\/wp-content\/uploads\/2014\/09\/sofia-gala.jpg\"><img loading=\"lazy\" decoding=\"async\" class=\"size-full wp-image-29188 aligncenter\" src=\"http:\/\/cordobatimes.com\/showup\/wp-content\/uploads\/2014\/09\/sofia-gala.jpg\" alt=\"sofia gala\" width=\"478\" height=\"720\" data-id=\"29188\" srcset=\"https:\/\/www.cordobatimes.com\/showup\/wp-content\/uploads\/2014\/09\/sofia-gala.jpg 478w, https:\/\/www.cordobatimes.com\/showup\/wp-content\/uploads\/2014\/09\/sofia-gala-199x300.jpg 199w, https:\/\/www.cordobatimes.com\/showup\/wp-content\/uploads\/2014\/09\/sofia-gala-398x600.jpg 398w\" sizes=\"auto, (max-width: 478px) 100vw, 478px\" \/><\/a><\/p>\n<p style=\"text-align: justify;\">Por Sol Monardez<\/p>\n<p>&nbsp;<\/p>\n","protected":false},"excerpt":{"rendered":"<p>Sofia Gala embarazada de siete meses hizo declaraciones a favor de la legalizaci\u00f3n del aborto y como siempre levant\u00f3 fuerte pol\u00e9mica, provocando un \u00a0gran debate en las redes sociales. La hija de Moria dio una nota para la revista \u00abLa garganta poderosa\u00bb mostrando su panza con una inscripci\u00f3n que dec\u00eda \u00aben mi cuerpo decido yo\u00bb. [&hellip;]<\/p>\n","protected":false},"author":9,"featured_media":29187,"comment_status":"closed","ping_status":"closed","sticky":false,"template":"","format":"standard","meta":{"_seopress_robots_primary_cat":"","_seopress_titles_title":"","_seopress_titles_desc":"","_seopress_robots_index":"","footnotes":""},"categories":[4],"tags":[9391,28889],"class_list":{"0":"post-29181","1":"post","2":"type-post","3":"status-publish","4":"format-standard","5":"has-post-thumbnail","7":"category-famosos","8":"tag-legalizacion-del-aborto","9":"tag-sofia-gala-a-favor-de-la-legalizacion-del-aborto"},"_links":{"self":[{"href":"https:\/\/www.cordobatimes.com\/showup\/wp-json\/wp\/v2\/posts\/29181","targetHints":{"allow":["GET"]}}],"collection":[{"href":"https:\/\/www.cordobatimes.com\/showup\/wp-json\/wp\/v2\/posts"}],"about":[{"href":"https:\/\/www.cordobatimes.com\/showup\/wp-json\/wp\/v2\/types\/post"}],"author":[{"embeddable":true,"href":"https:\/\/www.cordobatimes.com\/showup\/wp-json\/wp\/v2\/users\/9"}],"replies":[{"embeddable":true,"href":"https:\/\/www.cordobatimes.com\/showup\/wp-json\/wp\/v2\/comments?post=29181"}],"version-history":[{"count":0,"href":"https:\/\/www.cordobatimes.com\/showup\/wp-json\/wp\/v2\/posts\/29181\/revisions"}],"wp:featuredmedia":[{"embeddable":true,"href":"https:\/\/www.cordobatimes.com\/showup\/wp-json\/wp\/v2\/media\/29187"}],"wp:attachment":[{"href":"https:\/\/www.cordobatimes.com\/showup\/wp-json\/wp\/v2\/media?parent=29181"}],"wp:term":[{"taxonomy":"category","embeddable":true,"href":"https:\/\/www.cordobatimes.com\/showup\/wp-json\/wp\/v2\/categories?post=29181"},{"taxonomy":"post_tag","embeddable":true,"href":"https:\/\/www.cordobatimes.com\/showup\/wp-json\/wp\/v2\/tags?post=29181"}],"curies":[{"name":"wp","href":"https:\/\/api.w.org\/{rel}","templated":true}]}}