{"id":29155,"date":"2014-09-23T16:58:56","date_gmt":"2014-09-23T19:58:56","guid":{"rendered":"http:\/\/cordobatimes.com\/showup\/?p=29155"},"modified":"2020-01-28T11:17:35","modified_gmt":"2020-01-28T14:17:35","slug":"lana-del-rey-cantara-en-un-cementerio","status":"publish","type":"post","link":"https:\/\/www.cordobatimes.com\/showup\/musica\/2014\/09\/23\/lana-del-rey-cantara-en-un-cementerio\/","title":{"rendered":"Lana del Rey cantar\u00e1 en un cementerio"},"content":{"rendered":"<h3 style=\"text-align: justify;\"><strong>Despu\u00e9s cancelar su aparici\u00f3n en BBC Radio 1 y su gira europea por enfermedad, la cantante vuelve a ser noticia. En esta ocasi\u00f3n, por qu\u00e9 dar\u00e1 dos conciertos en un lugar bastante llamativo.<\/strong><\/h3>\n<p style=\"text-align: justify;\">La artista ha confirmado que el pr\u00f3ximo viernes 17 de octubre y el s\u00e1bado 18 actuar\u00e1 en el Hollywood Forever Cemetery, un \u00ablugar de descanso de algunos de los fundadores de Hollywood y otras estrellas de todo el el mundo\u00bb, seg\u00fan publica NME.<\/p>\n<p style=\"text-align: justify;\">Este cementerio ya ha sido escenario de otros conciertos, incluyendo actuaciones de David Bazan, Andy Scott y recientemente de Spoon, como parte de la promoci\u00f3n de They Want My Soul.<\/p>\n<p style=\"text-align: justify;\">Estas son las primeras fechas confirmadas por Lana del Rey tras la cancelaci\u00f3n de su gira europea \u00abpor razones m\u00e9dicas independientes a su voluntad\u00bb, seg\u00fan anunciaba un comunicado hace unos d\u00edas.<\/p>\n<p style=\"text-align: justify;\">Este trabajo de la diva estadounidense llega dos a\u00f1os despu\u00e9s de Born to Die, que fue n\u00famero 1 en Estados Unidos y Reino Unido, y que ha despachado m\u00e1s de 6 millones de copias en todo el mundo.<\/p>\n","protected":false},"excerpt":{"rendered":"<p>Despu\u00e9s cancelar su aparici\u00f3n en BBC Radio 1 y su gira europea por enfermedad, la cantante vuelve a ser noticia. En esta ocasi\u00f3n, por qu\u00e9 dar\u00e1 dos conciertos en un lugar bastante llamativo. La artista ha confirmado que el pr\u00f3ximo viernes 17 de octubre y el s\u00e1bado 18 actuar\u00e1 en el Hollywood Forever Cemetery, un [&hellip;]<\/p>\n","protected":false},"author":9,"featured_media":29157,"comment_status":"closed","ping_status":"closed","sticky":false,"template":"","format":"standard","meta":{"_seopress_robots_primary_cat":"","_seopress_titles_title":"","_seopress_titles_desc":"","_seopress_robots_index":"","footnotes":""},"categories":[5],"tags":[28896,28897],"class_list":{"0":"post-29155","1":"post","2":"type-post","3":"status-publish","4":"format-standard","5":"has-post-thumbnail","7":"category-musica","8":"tag-lana-del-rey-cantando-en-un-cementerio","9":"tag-lana-del-rey-cementerio"},"_links":{"self":[{"href":"https:\/\/www.cordobatimes.com\/showup\/wp-json\/wp\/v2\/posts\/29155","targetHints":{"allow":["GET"]}}],"collection":[{"href":"https:\/\/www.cordobatimes.com\/showup\/wp-json\/wp\/v2\/posts"}],"about":[{"href":"https:\/\/www.cordobatimes.com\/showup\/wp-json\/wp\/v2\/types\/post"}],"author":[{"embeddable":true,"href":"https:\/\/www.cordobatimes.com\/showup\/wp-json\/wp\/v2\/users\/9"}],"replies":[{"embeddable":true,"href":"https:\/\/www.cordobatimes.com\/showup\/wp-json\/wp\/v2\/comments?post=29155"}],"version-history":[{"count":0,"href":"https:\/\/www.cordobatimes.com\/showup\/wp-json\/wp\/v2\/posts\/29155\/revisions"}],"wp:featuredmedia":[{"embeddable":true,"href":"https:\/\/www.cordobatimes.com\/showup\/wp-json\/wp\/v2\/media\/29157"}],"wp:attachment":[{"href":"https:\/\/www.cordobatimes.com\/showup\/wp-json\/wp\/v2\/media?parent=29155"}],"wp:term":[{"taxonomy":"category","embeddable":true,"href":"https:\/\/www.cordobatimes.com\/showup\/wp-json\/wp\/v2\/categories?post=29155"},{"taxonomy":"post_tag","embeddable":true,"href":"https:\/\/www.cordobatimes.com\/showup\/wp-json\/wp\/v2\/tags?post=29155"}],"curies":[{"name":"wp","href":"https:\/\/api.w.org\/{rel}","templated":true}]}}