{"id":29142,"date":"2014-09-23T17:13:14","date_gmt":"2014-09-23T20:13:14","guid":{"rendered":"http:\/\/cordobatimes.com\/showup\/?p=29142"},"modified":"2020-01-28T11:13:36","modified_gmt":"2020-01-28T14:13:36","slug":"emilia-attias-adelanto-detalles-de-su-pelicula","status":"publish","type":"post","link":"https:\/\/www.cordobatimes.com\/showup\/cine-y-series\/2014\/09\/23\/emilia-attias-adelanto-detalles-de-su-pelicula\/","title":{"rendered":"Emilia Attias adelant\u00f3 detalles de su pel\u00edcula"},"content":{"rendered":"<h3 style=\"text-align: justify;\"><b>\u00abContra Sangre\u00bb es el pr\u00f3ximo trabajo de la reconocida actriz qui\u00e9n brind\u00f3 importantes datos sobre el proyecto. \u00a0<\/b><\/h3>\n<p style=\"text-align: justify;\">\u00abLo que m\u00e1s me gusta: encarar roles que requieren mucho an\u00e1lisis, mucha apertura mental y emocional. El otro d\u00eda lo analizaba con una terapeuta espiritual. El destino es todo lo que jam\u00e1s en la vida y yo tengo una atracci\u00f3n fuerte e inconsciente por lo vertiginoso. Es mi energ\u00eda astral. No lo digo desde el drama, sino al contrario: me aburro si algo no es intenso, si un trabajo es algo que ya hice o si no tiene una renovaci\u00f3n\u201d cont\u00f3 Emilia Att\u00edas en un reportaje a la revista MAG hablando de su nuevo film.<\/p>\n<p style=\"text-align: justify;\">\u00abEs un policial con mucha influencia del cine psicol\u00f3gico. Mi personaje es una chica violada que mete preso al violador pero sigue yendo a la c\u00e1rcel y se incorpora a una ONG para dar asistencia emocional y contenci\u00f3n a los presos que no tienen visitas. Entra al mismo pabell\u00f3n donde est\u00e1 el violador, lo ve, y est\u00e1 traumada, pero a la vez siente una atracci\u00f3n, tiene algo no resuelto.<\/p>\n<p style=\"text-align: justify;\">Conoce a otro preso por su rol de asistente, se enamoran, queda embarazada y eso es un golpe muy fuerte as\u00ed que quiere tomar distancia de todo. Su inconsciente la lleva a no desapegarse de esa situaci\u00f3n de ir a la c\u00e1rcel y ver al violador, hay algo que le atrae de eso. Hay una necesidad de sobrevivir a ese hecho desde el goce, porque sino es duro enfrentar que lo que vivi\u00f3 fue sin placer, y a la vez hay un complejo porque haya sido con placer. Es una mezcla de las dos cosas, una guerra interna.<\/p>\n<p style=\"text-align: justify;\">Estuve estudiando mucho, y es eso lo que les pasa a las mujeres violadas cuando no pueden superar un hecho tan fuerte: el inconsciente dice \u00abVos te dejaste hacer eso. \u00bfC\u00f3mo no lo mataste? \u00bfC\u00f3mo no cerraste las piernas? \u00bfC\u00f3mo lo provocaste?\u201d\u201d, cont\u00f3 la actriz.A punto de abrir \u00abPoe\u201d el bar cultural que arm\u00f3 con su marido, Turco Naim, Emilia dijo que trabajaron juntos \u00abcon libertad y confianza.<\/p>\n<p style=\"text-align: justify;\">Laburamos muy c\u00f3modos juntos. Somos los dos muy emprendedores y nos respetamos mutuamente, trabajamos, opinamos y nos comprometemos a la par. Yo reconozco que soy una cabezadura infernal, voy siempre por m\u00e1s y soy muy detallista. \u00c9l es re laburante y tiene muy buen gusto para todo.\u201d<\/p>\n","protected":false},"excerpt":{"rendered":"<p>\u00abContra Sangre\u00bb es el pr\u00f3ximo trabajo de la reconocida actriz qui\u00e9n brind\u00f3 importantes datos sobre el proyecto. \u00a0 \u00abLo que m\u00e1s me gusta: encarar roles que requieren mucho an\u00e1lisis, mucha apertura mental y emocional. El otro d\u00eda lo analizaba con una terapeuta espiritual. El destino es todo lo que jam\u00e1s en la vida y yo [&hellip;]<\/p>\n","protected":false},"author":9,"featured_media":29162,"comment_status":"closed","ping_status":"closed","sticky":false,"template":"","format":"standard","meta":{"_seopress_robots_primary_cat":"","_seopress_titles_title":"","_seopress_titles_desc":"","_seopress_robots_index":"","footnotes":""},"categories":[3],"tags":[28894,28895],"class_list":{"0":"post-29142","1":"post","2":"type-post","3":"status-publish","4":"format-standard","5":"has-post-thumbnail","7":"category-cine-y-series","8":"tag-emilia-attias-contra-sangre","9":"tag-pelicula-de-emilia-attias"},"_links":{"self":[{"href":"https:\/\/www.cordobatimes.com\/showup\/wp-json\/wp\/v2\/posts\/29142","targetHints":{"allow":["GET"]}}],"collection":[{"href":"https:\/\/www.cordobatimes.com\/showup\/wp-json\/wp\/v2\/posts"}],"about":[{"href":"https:\/\/www.cordobatimes.com\/showup\/wp-json\/wp\/v2\/types\/post"}],"author":[{"embeddable":true,"href":"https:\/\/www.cordobatimes.com\/showup\/wp-json\/wp\/v2\/users\/9"}],"replies":[{"embeddable":true,"href":"https:\/\/www.cordobatimes.com\/showup\/wp-json\/wp\/v2\/comments?post=29142"}],"version-history":[{"count":0,"href":"https:\/\/www.cordobatimes.com\/showup\/wp-json\/wp\/v2\/posts\/29142\/revisions"}],"wp:featuredmedia":[{"embeddable":true,"href":"https:\/\/www.cordobatimes.com\/showup\/wp-json\/wp\/v2\/media\/29162"}],"wp:attachment":[{"href":"https:\/\/www.cordobatimes.com\/showup\/wp-json\/wp\/v2\/media?parent=29142"}],"wp:term":[{"taxonomy":"category","embeddable":true,"href":"https:\/\/www.cordobatimes.com\/showup\/wp-json\/wp\/v2\/categories?post=29142"},{"taxonomy":"post_tag","embeddable":true,"href":"https:\/\/www.cordobatimes.com\/showup\/wp-json\/wp\/v2\/tags?post=29142"}],"curies":[{"name":"wp","href":"https:\/\/api.w.org\/{rel}","templated":true}]}}