{"id":29140,"date":"2014-09-23T14:36:31","date_gmt":"2014-09-23T17:36:31","guid":{"rendered":"http:\/\/cordobatimes.com\/showup\/?p=29140"},"modified":"2020-01-28T11:19:50","modified_gmt":"2020-01-28T14:19:50","slug":"ricky-martin-estreno-adios-video","status":"publish","type":"post","link":"https:\/\/www.cordobatimes.com\/showup\/musica\/2014\/09\/23\/ricky-martin-estreno-adios-video\/","title":{"rendered":"Ricky Martin estren\u00f3 \u00abAdi\u00f3s\u00bb (Video)"},"content":{"rendered":"<h3 style=\"text-align: justify;\"><strong>El m\u00fasico comparti\u00f3 su nuevo sencillo, una de las canciones que formar\u00e1 parte del nuevo trabajo discogr\u00e1fico del cantante boricua.<\/strong><\/h3>\n<p style=\"text-align: justify;\">Tras lanzar un adelanto a trav\u00e9s de su cuenta de Instagram, Ricky finalmente comparti\u00f3 el primer tema de su pr\u00f3ximo disco, a\u00fan sin t\u00edtulo revelado, y que se calcula saldr\u00e1 a la venta en 2015.<\/p>\n<p style=\"text-align: justify;\">\u201cAdi\u00f3s\u201d, es una canci\u00f3n producida por Jesse Shatkin, Yotuel Romero, Antonio Rayoy y el propio Ricky Martin. Es un tema pegadizo y con influencias de ritmos de diferentes partes del mundo por donde el artista ha viajado durante los \u00faltimos meses y la misma podr\u00e1 escucharse en ingl\u00e9s, espa\u00f1ol y franc\u00e9s.<\/p>\n<p style=\"text-align: justify;\">Recientemente, el cantante explic\u00f3 en un comunicado que eligi\u00f3 \u201cAdi\u00f3s\u201d como primer sencillo de su pr\u00f3ximo disco por tratarse de una canci\u00f3n que representa \u201cqui\u00e9n es actualmente\u201d y como una referencia a la apertura de un nuevo ciclo en su vida.<\/p>\n<p><iframe loading=\"lazy\" src=\"\/\/www.youtube.com\/embed\/dabox2fxxnU?list=UUNpY5DI8KO-ROA2BxgGWrXg\" width=\"560\" height=\"315\" frameborder=\"0\" allowfullscreen=\"allowfullscreen\"><\/iframe><\/p>\n","protected":false},"excerpt":{"rendered":"<p>El m\u00fasico comparti\u00f3 su nuevo sencillo, una de las canciones que formar\u00e1 parte del nuevo trabajo discogr\u00e1fico del cantante boricua. Tras lanzar un adelanto a trav\u00e9s de su cuenta de Instagram, Ricky finalmente comparti\u00f3 el primer tema de su pr\u00f3ximo disco, a\u00fan sin t\u00edtulo revelado, y que se calcula saldr\u00e1 a la venta en 2015. [&hellip;]<\/p>\n","protected":false},"author":9,"featured_media":29151,"comment_status":"closed","ping_status":"closed","sticky":false,"template":"","format":"standard","meta":{"_seopress_robots_primary_cat":"","_seopress_titles_title":"","_seopress_titles_desc":"","_seopress_robots_index":"","footnotes":""},"categories":[5],"tags":[28898],"class_list":{"0":"post-29140","1":"post","2":"type-post","3":"status-publish","4":"format-standard","5":"has-post-thumbnail","7":"category-musica","8":"tag-ricky-martin-adios"},"_links":{"self":[{"href":"https:\/\/www.cordobatimes.com\/showup\/wp-json\/wp\/v2\/posts\/29140","targetHints":{"allow":["GET"]}}],"collection":[{"href":"https:\/\/www.cordobatimes.com\/showup\/wp-json\/wp\/v2\/posts"}],"about":[{"href":"https:\/\/www.cordobatimes.com\/showup\/wp-json\/wp\/v2\/types\/post"}],"author":[{"embeddable":true,"href":"https:\/\/www.cordobatimes.com\/showup\/wp-json\/wp\/v2\/users\/9"}],"replies":[{"embeddable":true,"href":"https:\/\/www.cordobatimes.com\/showup\/wp-json\/wp\/v2\/comments?post=29140"}],"version-history":[{"count":0,"href":"https:\/\/www.cordobatimes.com\/showup\/wp-json\/wp\/v2\/posts\/29140\/revisions"}],"wp:featuredmedia":[{"embeddable":true,"href":"https:\/\/www.cordobatimes.com\/showup\/wp-json\/wp\/v2\/media\/29151"}],"wp:attachment":[{"href":"https:\/\/www.cordobatimes.com\/showup\/wp-json\/wp\/v2\/media?parent=29140"}],"wp:term":[{"taxonomy":"category","embeddable":true,"href":"https:\/\/www.cordobatimes.com\/showup\/wp-json\/wp\/v2\/categories?post=29140"},{"taxonomy":"post_tag","embeddable":true,"href":"https:\/\/www.cordobatimes.com\/showup\/wp-json\/wp\/v2\/tags?post=29140"}],"curies":[{"name":"wp","href":"https:\/\/api.w.org\/{rel}","templated":true}]}}