{"id":29089,"date":"2014-09-22T12:42:45","date_gmt":"2014-09-22T15:42:45","guid":{"rendered":"http:\/\/cordobatimes.com\/showup\/?p=29089"},"modified":"2020-01-28T11:38:32","modified_gmt":"2020-01-28T14:38:32","slug":"flor-otero-y-german-tripel-seran-papas","status":"publish","type":"post","link":"https:\/\/www.cordobatimes.com\/showup\/famosos\/2014\/09\/22\/flor-otero-y-german-tripel-seran-papas\/","title":{"rendered":"Flor Otero y Germ\u00e1n Tripel ser\u00e1n pap\u00e1s"},"content":{"rendered":"<h3 style=\"text-align: justify;\"><strong>La pareja \u00a0anunci\u00f3 v\u00eda Twitter que van a ser padres. <\/strong><\/h3>\n<p style=\"text-align: justify;\">Los talentosos artistas se conocieron en el a\u00f1o 2008 cuando ambos eran parte del elenco de la obra musical \u00abRENT\u00bb. R\u00e1pidamente surgi\u00f3 el amor entre ellos y la historia en com\u00fan se consolid\u00f3.<\/p>\n<p style=\"text-align: justify;\">Florencia con un tierno mensaje confirm\u00f3 la noticia: \u00abGracias amor de mi vida por hacer florecer en mi este milagro&#8230;me haces la mujer mas feliz de este planeta&#8230;! #Minipochi &lt;3 @tripA_germAn\u00bb<\/p>\n<p style=\"text-align: justify;\">Actualmente Tripel es uno de los protagonistas del exitoso musical de Osvaldo Baz\u00e1n \u00abY un d\u00eda Nico se fue\u00bb, que se representa en el teatro De la Comedia.<\/p>\n<p style=\"text-align: justify;\">La noticia fue muy bien recibida entre los fan\u00e1ticos y los amigos famosos de la pareja que inmediatamente los saludaron y los llenaron de felicitaciones.<\/p>\n<blockquote class=\"twitter-tweet\" data-lang=\"es\">\n<p dir=\"ltr\" lang=\"es\">Gracias amor de mi vida por hacer florecer en mi este milagro&#8230;me haces la mujer mas feliz de este planeta&#8230;! <a href=\"https:\/\/twitter.com\/hashtag\/Minipochi?src=hash&amp;ref_src=twsrc%5Etfw\">#Minipochi<\/a> &lt;3 <a href=\"https:\/\/twitter.com\/tripA_germAn?ref_src=twsrc%5Etfw\">@tripA_germAn<\/a><\/p>\n<p>\u2014 florencia otero (@flootero) <a href=\"https:\/\/twitter.com\/flootero\/status\/513695336406462464?ref_src=twsrc%5Etfw\">21 de septiembre de 2014<\/a><\/p><\/blockquote>\n<p><script async src=\"https:\/\/platform.twitter.com\/widgets.js\" charset=\"utf-8\"><\/script><\/p>\n","protected":false},"excerpt":{"rendered":"<p>La pareja \u00a0anunci\u00f3 v\u00eda Twitter que van a ser padres. Los talentosos artistas se conocieron en el a\u00f1o 2008 cuando ambos eran parte del elenco de la obra musical \u00abRENT\u00bb. R\u00e1pidamente surgi\u00f3 el amor entre ellos y la historia en com\u00fan se consolid\u00f3. Florencia con un tierno mensaje confirm\u00f3 la noticia: \u00abGracias amor de mi [&hellip;]<\/p>\n","protected":false},"author":9,"featured_media":29090,"comment_status":"closed","ping_status":"closed","sticky":false,"template":"","format":"standard","meta":{"_seopress_robots_primary_cat":"","_seopress_titles_title":"","_seopress_titles_desc":"","_seopress_robots_index":"","footnotes":""},"categories":[4],"tags":[28903,28904],"class_list":{"0":"post-29089","1":"post","2":"type-post","3":"status-publish","4":"format-standard","5":"has-post-thumbnail","7":"category-famosos","8":"tag-flor-otero-y-german-tripel","9":"tag-hijo-de-flor-otero-y-german-tripel"},"_links":{"self":[{"href":"https:\/\/www.cordobatimes.com\/showup\/wp-json\/wp\/v2\/posts\/29089","targetHints":{"allow":["GET"]}}],"collection":[{"href":"https:\/\/www.cordobatimes.com\/showup\/wp-json\/wp\/v2\/posts"}],"about":[{"href":"https:\/\/www.cordobatimes.com\/showup\/wp-json\/wp\/v2\/types\/post"}],"author":[{"embeddable":true,"href":"https:\/\/www.cordobatimes.com\/showup\/wp-json\/wp\/v2\/users\/9"}],"replies":[{"embeddable":true,"href":"https:\/\/www.cordobatimes.com\/showup\/wp-json\/wp\/v2\/comments?post=29089"}],"version-history":[{"count":0,"href":"https:\/\/www.cordobatimes.com\/showup\/wp-json\/wp\/v2\/posts\/29089\/revisions"}],"wp:featuredmedia":[{"embeddable":true,"href":"https:\/\/www.cordobatimes.com\/showup\/wp-json\/wp\/v2\/media\/29090"}],"wp:attachment":[{"href":"https:\/\/www.cordobatimes.com\/showup\/wp-json\/wp\/v2\/media?parent=29089"}],"wp:term":[{"taxonomy":"category","embeddable":true,"href":"https:\/\/www.cordobatimes.com\/showup\/wp-json\/wp\/v2\/categories?post=29089"},{"taxonomy":"post_tag","embeddable":true,"href":"https:\/\/www.cordobatimes.com\/showup\/wp-json\/wp\/v2\/tags?post=29089"}],"curies":[{"name":"wp","href":"https:\/\/api.w.org\/{rel}","templated":true}]}}