{"id":29074,"date":"2014-09-22T12:12:30","date_gmt":"2014-09-22T15:12:30","guid":{"rendered":"http:\/\/cordobatimes.com\/showup\/?p=29074"},"modified":"2020-01-28T11:42:59","modified_gmt":"2020-01-28T14:42:59","slug":"jorge-rial-hablo-de-la-salud-de-morena","status":"publish","type":"post","link":"https:\/\/www.cordobatimes.com\/showup\/famosos\/2014\/09\/22\/jorge-rial-hablo-de-la-salud-de-morena\/","title":{"rendered":"Jorge Rial habl\u00f3 de la salud de Morena"},"content":{"rendered":"<h3 style=\"text-align: justify;\"><strong>El viernes pasado el conductor de \u00abIntrusos\u00bb debi\u00f3 ausentarse del programa televisivo para acompa\u00f1ar a su hija al Sanatorio de la Trinidad por un cuadro de presi\u00f3n alta tras un tratamiento de conducto que se realiz\u00f3.<\/strong><\/h3>\n<p style=\"text-align: justify;\">Este domingo, la adolescente volvi\u00f3 a permanecer internada en el Sanatorio de Palermo por lo que Rial no asisti\u00f3 a su ciclo radial.<\/p>\n<p style=\"text-align: justify;\">\u00abLo mejor era que se quedara internada. Le pusieron un antibi\u00f3tico intravenoso. Ella se sent\u00eda mal y ten\u00eda presi\u00f3n alta. Se juntaron varias cosas y decidimos traerla\u00bb, explic\u00f3 sobre el malestar que comenz\u00f3 a sentir Morena en di\u00e1logo con radio La Red. Luego, se mostr\u00f3 agradecido con el equipo m\u00e9dico que la atendi\u00f3: \u00abEstamos muy agradecidos a la gente de la Trinidad que se port\u00f3 b\u00e1rbaro y yo estoy feliz porque la veo evolucionando bien a More. Est\u00e1 mejor. Uno se asusta. El chequeo general dio muy bien y eso me tranquiliz\u00f3 mucho. De todas maneras, uno no la pasa bien. Al principio ella estaba quieta porque estaba con cables, ahora no, por suerte. Se mueve, camina, se quiere ir. Entr\u00f3 con 18 mil gl\u00f3bulos blancos y hoy est\u00e1 con 7 mil\u00bb.<\/p>\n<p style=\"text-align: justify;\">Por \u00faltimo, el Intruso de Am\u00e9rica habl\u00f3 del alta de su hija mayor y de su regreso a las actividades laborales: \u00abVamos a ver a \u00faltima hora de la tarde\/noche c\u00f3mo est\u00e1, si viene bien nos iremos y si no, nos quedaremos un d\u00eda m\u00e1s. Ma\u00f1ana voy a estar en la radio. Tenemos ganas de irnos a descansar en casa\u00bb, concluy\u00f3.<\/p>\n","protected":false},"excerpt":{"rendered":"<p>El viernes pasado el conductor de \u00abIntrusos\u00bb debi\u00f3 ausentarse del programa televisivo para acompa\u00f1ar a su hija al Sanatorio de la Trinidad por un cuadro de presi\u00f3n alta tras un tratamiento de conducto que se realiz\u00f3. Este domingo, la adolescente volvi\u00f3 a permanecer internada en el Sanatorio de Palermo por lo que Rial no asisti\u00f3 [&hellip;]<\/p>\n","protected":false},"author":9,"featured_media":29075,"comment_status":"closed","ping_status":"closed","sticky":false,"template":"","format":"standard","meta":{"_seopress_robots_primary_cat":"","_seopress_titles_title":"","_seopress_titles_desc":"","_seopress_robots_index":"","footnotes":""},"categories":[4],"tags":[28906,26145],"class_list":{"0":"post-29074","1":"post","2":"type-post","3":"status-publish","4":"format-standard","5":"has-post-thumbnail","7":"category-famosos","8":"tag-estado-de-salud-de-morena-rial","9":"tag-jorge-rial-morena-rial"},"_links":{"self":[{"href":"https:\/\/www.cordobatimes.com\/showup\/wp-json\/wp\/v2\/posts\/29074","targetHints":{"allow":["GET"]}}],"collection":[{"href":"https:\/\/www.cordobatimes.com\/showup\/wp-json\/wp\/v2\/posts"}],"about":[{"href":"https:\/\/www.cordobatimes.com\/showup\/wp-json\/wp\/v2\/types\/post"}],"author":[{"embeddable":true,"href":"https:\/\/www.cordobatimes.com\/showup\/wp-json\/wp\/v2\/users\/9"}],"replies":[{"embeddable":true,"href":"https:\/\/www.cordobatimes.com\/showup\/wp-json\/wp\/v2\/comments?post=29074"}],"version-history":[{"count":0,"href":"https:\/\/www.cordobatimes.com\/showup\/wp-json\/wp\/v2\/posts\/29074\/revisions"}],"wp:featuredmedia":[{"embeddable":true,"href":"https:\/\/www.cordobatimes.com\/showup\/wp-json\/wp\/v2\/media\/29075"}],"wp:attachment":[{"href":"https:\/\/www.cordobatimes.com\/showup\/wp-json\/wp\/v2\/media?parent=29074"}],"wp:term":[{"taxonomy":"category","embeddable":true,"href":"https:\/\/www.cordobatimes.com\/showup\/wp-json\/wp\/v2\/categories?post=29074"},{"taxonomy":"post_tag","embeddable":true,"href":"https:\/\/www.cordobatimes.com\/showup\/wp-json\/wp\/v2\/tags?post=29074"}],"curies":[{"name":"wp","href":"https:\/\/api.w.org\/{rel}","templated":true}]}}