{"id":29033,"date":"2014-09-21T18:09:52","date_gmt":"2014-09-21T21:09:52","guid":{"rendered":"http:\/\/cordobatimes.com\/showup\/?p=29033"},"modified":"2020-01-28T16:42:07","modified_gmt":"2020-01-28T19:42:07","slug":"internaron-nuevamente-a-morena-rial","status":"publish","type":"post","link":"https:\/\/www.cordobatimes.com\/showup\/famosos\/2014\/09\/21\/internaron-nuevamente-a-morena-rial\/","title":{"rendered":"Internaron, nuevamente, a Morena Rial"},"content":{"rendered":"<h3 style=\"text-align: justify;\"><strong>La modelo y novia del conductor utiliz\u00f3 su cuenta de Twitter para anunciar que \u00a0la hija del \u00a0Intruso, se encontraba otra vez hospitalizada.<\/strong><\/h3>\n<p style=\"text-align: justify;\">\u201cNuevamente en la Trinidad @morerial recuperate as\u00ed disfrutamos de la primavera Te amo mi bb\u201d, public\u00f3 Antoniale. Luego, el tuit fue borrado.<\/p>\n<p style=\"text-align: justify;\">Si bien no trascendi\u00f3 el motivo de la internaci\u00f3n, tanto su padre, Jorge Rial como Loly, se encuentran al lado de Morena.<\/p>\n<p style=\"text-align: justify;\">Luego, la participante de Bailando por un sue\u00f1o, comparti\u00f3 unas fotos junto a la joven y el conductor.<\/p>\n<p style=\"text-align: justify;\"><a href=\"http:\/\/cordobatimes.com\/showup\/wp-content\/uploads\/2014\/09\/morena.png\"><img loading=\"lazy\" decoding=\"async\" class=\"alignnone wp-image-29035\" src=\"http:\/\/cordobatimes.com\/showup\/wp-content\/uploads\/2014\/09\/morena.png\" alt=\"morena\" width=\"600\" height=\"556\" data-id=\"29035\" \/><\/a><\/p>\n","protected":false},"excerpt":{"rendered":"<p>La modelo y novia del conductor utiliz\u00f3 su cuenta de Twitter para anunciar que \u00a0la hija del \u00a0Intruso, se encontraba otra vez hospitalizada. \u201cNuevamente en la Trinidad @morerial recuperate as\u00ed disfrutamos de la primavera Te amo mi bb\u201d, public\u00f3 Antoniale. Luego, el tuit fue borrado. Si bien no trascendi\u00f3 el motivo de la internaci\u00f3n, tanto [&hellip;]<\/p>\n","protected":false},"author":9,"featured_media":29036,"comment_status":"closed","ping_status":"closed","sticky":false,"template":"","format":"standard","meta":{"_seopress_robots_primary_cat":"","_seopress_titles_title":"","_seopress_titles_desc":"","_seopress_robots_index":"","footnotes":""},"categories":[4],"tags":[26145,28911],"class_list":{"0":"post-29033","1":"post","2":"type-post","3":"status-publish","4":"format-standard","5":"has-post-thumbnail","7":"category-famosos","8":"tag-jorge-rial-morena-rial","9":"tag-morena-rial-internada"},"_links":{"self":[{"href":"https:\/\/www.cordobatimes.com\/showup\/wp-json\/wp\/v2\/posts\/29033","targetHints":{"allow":["GET"]}}],"collection":[{"href":"https:\/\/www.cordobatimes.com\/showup\/wp-json\/wp\/v2\/posts"}],"about":[{"href":"https:\/\/www.cordobatimes.com\/showup\/wp-json\/wp\/v2\/types\/post"}],"author":[{"embeddable":true,"href":"https:\/\/www.cordobatimes.com\/showup\/wp-json\/wp\/v2\/users\/9"}],"replies":[{"embeddable":true,"href":"https:\/\/www.cordobatimes.com\/showup\/wp-json\/wp\/v2\/comments?post=29033"}],"version-history":[{"count":0,"href":"https:\/\/www.cordobatimes.com\/showup\/wp-json\/wp\/v2\/posts\/29033\/revisions"}],"wp:featuredmedia":[{"embeddable":true,"href":"https:\/\/www.cordobatimes.com\/showup\/wp-json\/wp\/v2\/media\/29036"}],"wp:attachment":[{"href":"https:\/\/www.cordobatimes.com\/showup\/wp-json\/wp\/v2\/media?parent=29033"}],"wp:term":[{"taxonomy":"category","embeddable":true,"href":"https:\/\/www.cordobatimes.com\/showup\/wp-json\/wp\/v2\/categories?post=29033"},{"taxonomy":"post_tag","embeddable":true,"href":"https:\/\/www.cordobatimes.com\/showup\/wp-json\/wp\/v2\/tags?post=29033"}],"curies":[{"name":"wp","href":"https:\/\/api.w.org\/{rel}","templated":true}]}}