{"id":29001,"date":"2014-09-20T16:32:35","date_gmt":"2014-09-20T19:32:35","guid":{"rendered":"http:\/\/cordobatimes.com\/showup\/?p=29001"},"modified":"2020-01-28T17:01:55","modified_gmt":"2020-01-28T20:01:55","slug":"el-tirri-lanza-su-primer-disco","status":"publish","type":"post","link":"https:\/\/www.cordobatimes.com\/showup\/famosos\/2014\/09\/20\/el-tirri-lanza-su-primer-disco\/","title":{"rendered":"El Tirri lanza su primer disco"},"content":{"rendered":"<h3 style=\"text-align: justify;\"><strong>El primo de Marcelo Tinelli, irrumpi\u00f3 en el mundo medi\u00e1tico a partir de su participaci\u00f3n en la edici\u00f3n de este a\u00f1o del Bailando, donde dej\u00f3 ver todo su humor y adem\u00e1s de su poca habilidad para el baile.<\/strong><\/h3>\n<p>Pero las sorpresas de El Tirri en este 2014 no terminan aqu\u00ed. Antes de fin de a\u00f1o, El Tirri lanzar\u00e1 un disco solista, seg\u00fan confirm\u00f3 el periodista Luis Bremer. Este disco ser\u00eda producido por Sony.<\/p>\n<p>Recordemos que este no es el primer acercamiento de El Tirri a la m\u00fasica. El medi\u00e1tico en los a\u00f1os 90 fue percusionista y una de las voces de la reconocida banda \u00abLos Fabulosos Cadillacs\u00bb.<\/p>\n<p>Pero no s\u00f3lo eso. En diciembre de 1989 cant\u00f3 junto a Vicentico en vivo en el programa \u00abLa noche del s\u00e1bado\u00bb, que conduc\u00eda Gerardo Sofovich.<\/p>\n","protected":false},"excerpt":{"rendered":"<p>El primo de Marcelo Tinelli, irrumpi\u00f3 en el mundo medi\u00e1tico a partir de su participaci\u00f3n en la edici\u00f3n de este a\u00f1o del Bailando, donde dej\u00f3 ver todo su humor y adem\u00e1s de su poca habilidad para el baile. Pero las sorpresas de El Tirri en este 2014 no terminan aqu\u00ed. Antes de fin de a\u00f1o, [&hellip;]<\/p>\n","protected":false},"author":9,"featured_media":29011,"comment_status":"closed","ping_status":"closed","sticky":false,"template":"","format":"standard","meta":{"_seopress_robots_primary_cat":"","_seopress_titles_title":"","_seopress_titles_desc":"","_seopress_robots_index":"","footnotes":""},"categories":[4],"tags":[28914,28915,28874],"class_list":{"0":"post-29001","1":"post","2":"type-post","3":"status-publish","4":"format-standard","5":"has-post-thumbnail","7":"category-famosos","8":"tag-canciones-de-luciano-el-tirri","9":"tag-cd-de-luciano-el-tirri","10":"tag-primo-de-marcelo-tinelli"},"_links":{"self":[{"href":"https:\/\/www.cordobatimes.com\/showup\/wp-json\/wp\/v2\/posts\/29001","targetHints":{"allow":["GET"]}}],"collection":[{"href":"https:\/\/www.cordobatimes.com\/showup\/wp-json\/wp\/v2\/posts"}],"about":[{"href":"https:\/\/www.cordobatimes.com\/showup\/wp-json\/wp\/v2\/types\/post"}],"author":[{"embeddable":true,"href":"https:\/\/www.cordobatimes.com\/showup\/wp-json\/wp\/v2\/users\/9"}],"replies":[{"embeddable":true,"href":"https:\/\/www.cordobatimes.com\/showup\/wp-json\/wp\/v2\/comments?post=29001"}],"version-history":[{"count":0,"href":"https:\/\/www.cordobatimes.com\/showup\/wp-json\/wp\/v2\/posts\/29001\/revisions"}],"wp:featuredmedia":[{"embeddable":true,"href":"https:\/\/www.cordobatimes.com\/showup\/wp-json\/wp\/v2\/media\/29011"}],"wp:attachment":[{"href":"https:\/\/www.cordobatimes.com\/showup\/wp-json\/wp\/v2\/media?parent=29001"}],"wp:term":[{"taxonomy":"category","embeddable":true,"href":"https:\/\/www.cordobatimes.com\/showup\/wp-json\/wp\/v2\/categories?post=29001"},{"taxonomy":"post_tag","embeddable":true,"href":"https:\/\/www.cordobatimes.com\/showup\/wp-json\/wp\/v2\/tags?post=29001"}],"curies":[{"name":"wp","href":"https:\/\/api.w.org\/{rel}","templated":true}]}}