{"id":28973,"date":"2014-09-19T15:09:09","date_gmt":"2014-09-19T18:09:09","guid":{"rendered":"http:\/\/cordobatimes.com\/showup\/?p=28973"},"modified":"2020-01-28T17:30:17","modified_gmt":"2020-01-28T20:30:17","slug":"marcela-morelo-se-caso-en-secreto-fotos","status":"publish","type":"post","link":"https:\/\/www.cordobatimes.com\/showup\/famosos\/2014\/09\/19\/marcela-morelo-se-caso-en-secreto-fotos\/","title":{"rendered":"Marcela Morelo se cas\u00f3 en secreto (Fotos)"},"content":{"rendered":"<h3 style=\"text-align: justify;\"><strong>La cantante\u00a0cont\u00f3\u00a0la feliz noticia a trav\u00e9s de su cuenta de Twitter.<\/strong><\/h3>\n<p style=\"text-align: justify;\">Emocionada por este d\u00eda especial, la cantante confes\u00f3 sentir una \u00abalegr\u00eda total\u00bb y mostr\u00f3 im\u00e1genes saliendo del Registro Civil.<\/p>\n<p style=\"text-align: justify;\">Despu\u00e9s de muchos a\u00f1os de convivencia Marcela Morelo decidi\u00f3 pasar por el Civil y casarse de blanco con su pareja.<\/p>\n<p style=\"text-align: justify;\">La cantante estuvo acompa\u00f1ada por familia y mucha gente querida que la acompa\u00f1\u00f3 a la hora de celebrar la uni\u00f3n y de tirarle arroz a la salida.<\/p>\n<p>&nbsp;<\/p>\n<blockquote class=\"twitter-tweet\" data-lang=\"es\">\n<p dir=\"ltr\" lang=\"es\"><a href=\"https:\/\/twitter.com\/hashtag\/alegriatotal?src=hash&amp;ref_src=twsrc%5Etfw\">#alegriatotal<\/a>!!!!<br \/>\nMiamornoscasamos <a href=\"http:\/\/t.co\/4gORcnmAIf\">pic.twitter.com\/4gORcnmAIf<\/a><\/p>\n<p>\u2014 Marcela Morelo (@MarcelaMoreloOK) <a href=\"https:\/\/twitter.com\/MarcelaMoreloOK\/status\/512967366612119552?ref_src=twsrc%5Etfw\">19 de septiembre de 2014<\/a><\/p><\/blockquote>\n<p><script async src=\"https:\/\/platform.twitter.com\/widgets.js\" charset=\"utf-8\"><\/script><\/p>\n<blockquote class=\"twitter-tweet\" data-lang=\"es\">\n<p dir=\"ltr\" lang=\"es\">Se casaron los t\u00edos! <a href=\"https:\/\/twitter.com\/MarcelaMoreloOK?ref_src=twsrc%5Etfw\">@MarcelaMoreloOK<\/a> <a href=\"http:\/\/t.co\/Zgcf8jCpxG\">pic.twitter.com\/Zgcf8jCpxG<\/a><\/p>\n<p>\u2014 \u2113\u03b1 (@LaraaBenitez) <a href=\"https:\/\/twitter.com\/LaraaBenitez\/status\/512981047852945408?ref_src=twsrc%5Etfw\">19 de septiembre de 2014<\/a><\/p><\/blockquote>\n<p><script async src=\"https:\/\/platform.twitter.com\/widgets.js\" charset=\"utf-8\"><\/script><\/p>\n<blockquote class=\"twitter-tweet\" data-lang=\"es\">\n<p dir=\"ltr\" lang=\"und\"><a href=\"http:\/\/t.co\/wTv5fkDcDa\">pic.twitter.com\/wTv5fkDcDa<\/a><\/p>\n<p>\u2014 Marcela Morelo (@MarcelaMoreloOK) <a href=\"https:\/\/twitter.com\/MarcelaMoreloOK\/status\/512979152136597505?ref_src=twsrc%5Etfw\">19 de septiembre de 2014<\/a><\/p><\/blockquote>\n<p><script async src=\"https:\/\/platform.twitter.com\/widgets.js\" charset=\"utf-8\"><\/script><\/p>\n","protected":false},"excerpt":{"rendered":"<p>La cantante\u00a0cont\u00f3\u00a0la feliz noticia a trav\u00e9s de su cuenta de Twitter. Emocionada por este d\u00eda especial, la cantante confes\u00f3 sentir una \u00abalegr\u00eda total\u00bb y mostr\u00f3 im\u00e1genes saliendo del Registro Civil. Despu\u00e9s de muchos a\u00f1os de convivencia Marcela Morelo decidi\u00f3 pasar por el Civil y casarse de blanco con su pareja. La cantante estuvo acompa\u00f1ada por [&hellip;]<\/p>\n","protected":false},"author":9,"featured_media":28975,"comment_status":"closed","ping_status":"closed","sticky":false,"template":"","format":"standard","meta":{"_seopress_robots_primary_cat":"","_seopress_titles_title":"","_seopress_titles_desc":"","_seopress_robots_index":"","footnotes":""},"categories":[4],"tags":[28921,28923,28922],"class_list":{"0":"post-28973","1":"post","2":"type-post","3":"status-publish","4":"format-standard","5":"has-post-thumbnail","7":"category-famosos","8":"tag-casamiento-de-marcela-morelo","9":"tag-marido-de-marcela-morelo","10":"tag-pareja-de-marcela-morelo"},"_links":{"self":[{"href":"https:\/\/www.cordobatimes.com\/showup\/wp-json\/wp\/v2\/posts\/28973","targetHints":{"allow":["GET"]}}],"collection":[{"href":"https:\/\/www.cordobatimes.com\/showup\/wp-json\/wp\/v2\/posts"}],"about":[{"href":"https:\/\/www.cordobatimes.com\/showup\/wp-json\/wp\/v2\/types\/post"}],"author":[{"embeddable":true,"href":"https:\/\/www.cordobatimes.com\/showup\/wp-json\/wp\/v2\/users\/9"}],"replies":[{"embeddable":true,"href":"https:\/\/www.cordobatimes.com\/showup\/wp-json\/wp\/v2\/comments?post=28973"}],"version-history":[{"count":0,"href":"https:\/\/www.cordobatimes.com\/showup\/wp-json\/wp\/v2\/posts\/28973\/revisions"}],"wp:featuredmedia":[{"embeddable":true,"href":"https:\/\/www.cordobatimes.com\/showup\/wp-json\/wp\/v2\/media\/28975"}],"wp:attachment":[{"href":"https:\/\/www.cordobatimes.com\/showup\/wp-json\/wp\/v2\/media?parent=28973"}],"wp:term":[{"taxonomy":"category","embeddable":true,"href":"https:\/\/www.cordobatimes.com\/showup\/wp-json\/wp\/v2\/categories?post=28973"},{"taxonomy":"post_tag","embeddable":true,"href":"https:\/\/www.cordobatimes.com\/showup\/wp-json\/wp\/v2\/tags?post=28973"}],"curies":[{"name":"wp","href":"https:\/\/api.w.org\/{rel}","templated":true}]}}