{"id":28969,"date":"2014-09-19T18:56:32","date_gmt":"2014-09-19T21:56:32","guid":{"rendered":"http:\/\/cordobatimes.com\/showup\/?p=28969"},"modified":"2020-01-28T17:13:13","modified_gmt":"2020-01-28T20:13:13","slug":"llega-la-pelicula-de-popeye-video","status":"publish","type":"post","link":"https:\/\/www.cordobatimes.com\/showup\/cine-y-series\/2014\/09\/19\/llega-la-pelicula-de-popeye-video\/","title":{"rendered":"Llega la pel\u00edcula de Popeye (Video)"},"content":{"rendered":"<h3 style=\"text-align: justify;\"><strong>Olivia est\u00e1 en peligro, y necesita un gran h\u00e9roe. Y ese no es otro que el nuevo marino del que ya tenemos aqu\u00ed un primer adelanto.<\/strong><\/h3>\n<p style=\"text-align: justify;\">Sony ha publicado un test de animaci\u00f3n de c\u00f3mo ser\u00e1 la pel\u00edcula de Popeye, bajo el mando de los estudios Fleischer, creadores de infinidad de populares series.<\/p>\n<p style=\"text-align: justify;\">El clip es obra de Genndy Tartakovsky, responsable de El laboratorio de Dexter, o la pel\u00edcula Hotel Transylvania. En \u00e9l, vemos a Popeye repartir a diestro y siniestro -parece que todav\u00eda sin la ayuda de sus m\u00edticas espinacas de las que, por ahora, no hay rastro- a diversos esbirros que, junto a Brutus, abordan su barco.<\/p>\n<p style=\"text-align: justify;\">El villano de Popeye quiere secuestrar a la amada del marinero, que no les dejar\u00e1 que se lag lleven tan f\u00e1cilmente, aunque para ello tenga que recibir muchos golpes y escabullirse de peligrosas situaciones.<\/p>\n<p style=\"text-align: justify;\">Con ayuda y con sacrificio, parece que la cosa sale bien hasta que, en un forcejeo con Brutus, Olivia sale disparada al mar, dejando a ambos combatientes con una expresi\u00f3n bastante tonta en sus rostros.<\/p>\n<p style=\"text-align: justify;\">Este es tan solo un adelanto de la futura pel\u00edcula, a\u00fan sin fecha, de Popeye. Mientras tanto, Tartakovsky est\u00e1 trabajando en la secuela de Hotel Transylvania, que llegar\u00e1 a la gran pantalla en octubre de 2015.<\/p>\n<p><iframe loading=\"lazy\" src=\"\/\/www.youtube.com\/embed\/M1lzJuwJD9k\" width=\"560\" height=\"315\" frameborder=\"0\" allowfullscreen=\"allowfullscreen\"><\/iframe><\/p>\n","protected":false},"excerpt":{"rendered":"<p>Olivia est\u00e1 en peligro, y necesita un gran h\u00e9roe. Y ese no es otro que el nuevo marino del que ya tenemos aqu\u00ed un primer adelanto. Sony ha publicado un test de animaci\u00f3n de c\u00f3mo ser\u00e1 la pel\u00edcula de Popeye, bajo el mando de los estudios Fleischer, creadores de infinidad de populares series. El clip [&hellip;]<\/p>\n","protected":false},"author":9,"featured_media":28982,"comment_status":"closed","ping_status":"closed","sticky":false,"template":"","format":"standard","meta":{"_seopress_robots_primary_cat":"","_seopress_titles_title":"","_seopress_titles_desc":"","_seopress_robots_index":"","footnotes":""},"categories":[3],"tags":[28918],"class_list":{"0":"post-28969","1":"post","2":"type-post","3":"status-publish","4":"format-standard","5":"has-post-thumbnail","7":"category-cine-y-series","8":"tag-pelicula-de-popeye"},"_links":{"self":[{"href":"https:\/\/www.cordobatimes.com\/showup\/wp-json\/wp\/v2\/posts\/28969","targetHints":{"allow":["GET"]}}],"collection":[{"href":"https:\/\/www.cordobatimes.com\/showup\/wp-json\/wp\/v2\/posts"}],"about":[{"href":"https:\/\/www.cordobatimes.com\/showup\/wp-json\/wp\/v2\/types\/post"}],"author":[{"embeddable":true,"href":"https:\/\/www.cordobatimes.com\/showup\/wp-json\/wp\/v2\/users\/9"}],"replies":[{"embeddable":true,"href":"https:\/\/www.cordobatimes.com\/showup\/wp-json\/wp\/v2\/comments?post=28969"}],"version-history":[{"count":0,"href":"https:\/\/www.cordobatimes.com\/showup\/wp-json\/wp\/v2\/posts\/28969\/revisions"}],"wp:featuredmedia":[{"embeddable":true,"href":"https:\/\/www.cordobatimes.com\/showup\/wp-json\/wp\/v2\/media\/28982"}],"wp:attachment":[{"href":"https:\/\/www.cordobatimes.com\/showup\/wp-json\/wp\/v2\/media?parent=28969"}],"wp:term":[{"taxonomy":"category","embeddable":true,"href":"https:\/\/www.cordobatimes.com\/showup\/wp-json\/wp\/v2\/categories?post=28969"},{"taxonomy":"post_tag","embeddable":true,"href":"https:\/\/www.cordobatimes.com\/showup\/wp-json\/wp\/v2\/tags?post=28969"}],"curies":[{"name":"wp","href":"https:\/\/api.w.org\/{rel}","templated":true}]}}