{"id":28962,"date":"2014-09-19T18:20:33","date_gmt":"2014-09-19T21:20:33","guid":{"rendered":"http:\/\/cordobatimes.com\/showup\/?p=28962"},"modified":"2020-01-28T17:19:22","modified_gmt":"2020-01-28T20:19:22","slug":"juana-viale-regresa-al-cine","status":"publish","type":"post","link":"https:\/\/www.cordobatimes.com\/showup\/cine-y-series\/2014\/09\/19\/juana-viale-regresa-al-cine\/","title":{"rendered":"Juana Viale regresa al cine"},"content":{"rendered":"<h3 style=\"text-align: justify;\"><strong>Comenz\u00f3 el rodaje de \u201cTuya\u201d, un thriller en tono de \u201ccomedia negra\u201d, protagonizado por Andrea Pietra, Jorge Marrale, Ana Celentano, Malena S\u00e1nchez y la nieta de la \u00abChiqui\u00bb, \u00a0basado en la novela hom\u00f3nima de la reconocida escritora Claudia Pi\u00f1eiro.<\/strong><\/h3>\n<p style=\"text-align: justify;\">La historia cuenta la c\u00f3moda y apacible vida de In\u00e9s (Pietra) se ve convulsionada cuando por azar descubre una carta de amor dirigida hacia Ernesto (Marrale), su marido. No hay remitente. S\u00f3lo un coraz\u00f3n dibujado con rouge rojo, cruzado por un \u00abte quiero\u00bb y firmado: \u00abtuya\u00bb. Una prueba irrefutable de un enga\u00f1o.<\/p>\n<p style=\"text-align: justify;\">D\u00edas despu\u00e9s, Ernesto recibe una llamada de su amante (Juanita Viale), que In\u00e9s intercepta. La mujer se entera que ambos tendr\u00e1n un encuentro nocturno en un parque. Toma coraje y decide seguir los movimientos de su marido. Inesperadamente, se convierte en testigo de c\u00f3mo Ernesto mata a la mujer, que resulta ser Alicia, su secretaria.<\/p>\n<p style=\"text-align: justify;\">A partir de este momento, In\u00e9s har\u00e1 lo imposible por ocultar el crimen y salvaguardar el buen nombre y honor de su familia, aunque eso implique mantenerse al margen de la ley. Junto a Ernesto planear\u00e1 una estrategia para ocultar los hechos y no dejar ning\u00fan cabo suelto. Sin embargo, la situaci\u00f3n se tornar\u00e1 a\u00fan m\u00e1s complicada a medida que In\u00e9s avance en su propia investigaci\u00f3n del caso.<\/p>\n<p style=\"text-align: justify;\">El estreno est\u00e1 previsto para el mes del abril del a\u00f1o que viene.<\/p>\n","protected":false},"excerpt":{"rendered":"<p>Comenz\u00f3 el rodaje de \u201cTuya\u201d, un thriller en tono de \u201ccomedia negra\u201d, protagonizado por Andrea Pietra, Jorge Marrale, Ana Celentano, Malena S\u00e1nchez y la nieta de la \u00abChiqui\u00bb, \u00a0basado en la novela hom\u00f3nima de la reconocida escritora Claudia Pi\u00f1eiro. La historia cuenta la c\u00f3moda y apacible vida de In\u00e9s (Pietra) se ve convulsionada cuando por [&hellip;]<\/p>\n","protected":false},"author":9,"featured_media":28977,"comment_status":"closed","ping_status":"closed","sticky":false,"template":"","format":"standard","meta":{"_seopress_robots_primary_cat":"","_seopress_titles_title":"","_seopress_titles_desc":"","_seopress_robots_index":"","footnotes":""},"categories":[3],"tags":[28919,28920],"class_list":{"0":"post-28962","1":"post","2":"type-post","3":"status-publish","4":"format-standard","5":"has-post-thumbnail","7":"category-cine-y-series","8":"tag-pelicula-de-juana-viale","9":"tag-pelicula-tuya"},"_links":{"self":[{"href":"https:\/\/www.cordobatimes.com\/showup\/wp-json\/wp\/v2\/posts\/28962","targetHints":{"allow":["GET"]}}],"collection":[{"href":"https:\/\/www.cordobatimes.com\/showup\/wp-json\/wp\/v2\/posts"}],"about":[{"href":"https:\/\/www.cordobatimes.com\/showup\/wp-json\/wp\/v2\/types\/post"}],"author":[{"embeddable":true,"href":"https:\/\/www.cordobatimes.com\/showup\/wp-json\/wp\/v2\/users\/9"}],"replies":[{"embeddable":true,"href":"https:\/\/www.cordobatimes.com\/showup\/wp-json\/wp\/v2\/comments?post=28962"}],"version-history":[{"count":0,"href":"https:\/\/www.cordobatimes.com\/showup\/wp-json\/wp\/v2\/posts\/28962\/revisions"}],"wp:featuredmedia":[{"embeddable":true,"href":"https:\/\/www.cordobatimes.com\/showup\/wp-json\/wp\/v2\/media\/28977"}],"wp:attachment":[{"href":"https:\/\/www.cordobatimes.com\/showup\/wp-json\/wp\/v2\/media?parent=28962"}],"wp:term":[{"taxonomy":"category","embeddable":true,"href":"https:\/\/www.cordobatimes.com\/showup\/wp-json\/wp\/v2\/categories?post=28962"},{"taxonomy":"post_tag","embeddable":true,"href":"https:\/\/www.cordobatimes.com\/showup\/wp-json\/wp\/v2\/tags?post=28962"}],"curies":[{"name":"wp","href":"https:\/\/api.w.org\/{rel}","templated":true}]}}