{"id":28936,"date":"2014-09-18T17:40:29","date_gmt":"2014-09-18T20:40:29","guid":{"rendered":"http:\/\/cordobatimes.com\/showup\/?p=28936"},"modified":"2020-01-28T17:53:22","modified_gmt":"2020-01-28T20:53:22","slug":"los-nocheros-presentan-su-nuevo-album","status":"publish","type":"post","link":"https:\/\/www.cordobatimes.com\/showup\/musica\/2014\/09\/18\/los-nocheros-presentan-su-nuevo-album\/","title":{"rendered":"\u00abLos Nocheros\u00bb presentan su nuevo \u00e1lbum"},"content":{"rendered":"<h3 style=\"text-align: justify;\"><strong>La reconocida banda folkl\u00f3rica \u00a0presentar\u00e1 el 25 de septiembre \u00abTr\u00edo\u00bb, su \u00faltimo material discogr\u00e1fico.<\/strong><\/h3>\n<p style=\"text-align: justify;\">Esta vez, el grupo toc\u00f3 en formato de tr\u00edo con las inconfundibles voces de Rub\u00e9n Ehizaguirre, Mario y Alvaro Teruel. Adem\u00e1s, participaron del \u00e1lbum compositores salte\u00f1os que marcar\u00e1n un hito inolvidable con canciones tales como: \u201dElla\u201d, \u201cFr\u00eda\u201d, \u201cMorir de Amor\u201d, \u201cEl Resplandor\u201d, \u201dEl Querend\u00f3n\u201d, \u201cMe Cans\u00e9\u201d, \u201cLeyenda de Azul y Sal\u201d, \u201cAroma de Febrero\u201d, entre otras.<\/p>\n<p style=\"text-align: justify;\">Seg\u00fan contaron los integrantes de la banda, este disco es un homenaje a su tierra natal y un documento que retrata los diversos paisajes sonoros.<\/p>\n<p style=\"text-align: justify;\">No te pierdas el adelanto.<\/p>\n<p><iframe loading=\"lazy\" src=\"\/\/www.youtube.com\/embed\/euWjpkH0FCU\" width=\"560\" height=\"315\" frameborder=\"0\" allowfullscreen=\"allowfullscreen\"><\/iframe><\/p>\n","protected":false},"excerpt":{"rendered":"<p>La reconocida banda folkl\u00f3rica \u00a0presentar\u00e1 el 25 de septiembre \u00abTr\u00edo\u00bb, su \u00faltimo material discogr\u00e1fico. Esta vez, el grupo toc\u00f3 en formato de tr\u00edo con las inconfundibles voces de Rub\u00e9n Ehizaguirre, Mario y Alvaro Teruel. Adem\u00e1s, participaron del \u00e1lbum compositores salte\u00f1os que marcar\u00e1n un hito inolvidable con canciones tales como: \u201dElla\u201d, \u201cFr\u00eda\u201d, \u201cMorir de Amor\u201d, \u201cEl [&hellip;]<\/p>\n","protected":false},"author":9,"featured_media":28937,"comment_status":"closed","ping_status":"closed","sticky":false,"template":"","format":"standard","meta":{"_seopress_robots_primary_cat":"","_seopress_titles_title":"","_seopress_titles_desc":"","_seopress_robots_index":"","footnotes":""},"categories":[5],"tags":[28927,28926,9316],"class_list":{"0":"post-28936","1":"post","2":"type-post","3":"status-publish","4":"format-standard","5":"has-post-thumbnail","7":"category-musica","8":"tag-discografia-de-los-nocheros","9":"tag-los-nocheros-trio","10":"tag-nuevo-album-de-los-nocheros"},"_links":{"self":[{"href":"https:\/\/www.cordobatimes.com\/showup\/wp-json\/wp\/v2\/posts\/28936","targetHints":{"allow":["GET"]}}],"collection":[{"href":"https:\/\/www.cordobatimes.com\/showup\/wp-json\/wp\/v2\/posts"}],"about":[{"href":"https:\/\/www.cordobatimes.com\/showup\/wp-json\/wp\/v2\/types\/post"}],"author":[{"embeddable":true,"href":"https:\/\/www.cordobatimes.com\/showup\/wp-json\/wp\/v2\/users\/9"}],"replies":[{"embeddable":true,"href":"https:\/\/www.cordobatimes.com\/showup\/wp-json\/wp\/v2\/comments?post=28936"}],"version-history":[{"count":0,"href":"https:\/\/www.cordobatimes.com\/showup\/wp-json\/wp\/v2\/posts\/28936\/revisions"}],"wp:featuredmedia":[{"embeddable":true,"href":"https:\/\/www.cordobatimes.com\/showup\/wp-json\/wp\/v2\/media\/28937"}],"wp:attachment":[{"href":"https:\/\/www.cordobatimes.com\/showup\/wp-json\/wp\/v2\/media?parent=28936"}],"wp:term":[{"taxonomy":"category","embeddable":true,"href":"https:\/\/www.cordobatimes.com\/showup\/wp-json\/wp\/v2\/categories?post=28936"},{"taxonomy":"post_tag","embeddable":true,"href":"https:\/\/www.cordobatimes.com\/showup\/wp-json\/wp\/v2\/tags?post=28936"}],"curies":[{"name":"wp","href":"https:\/\/api.w.org\/{rel}","templated":true}]}}