{"id":28921,"date":"2014-09-18T16:35:15","date_gmt":"2014-09-18T19:35:15","guid":{"rendered":"http:\/\/cordobatimes.com\/showup\/?p=28921"},"modified":"2020-01-28T17:53:56","modified_gmt":"2020-01-28T20:53:56","slug":"celebrando-los-20-anos-de-friends-abren-un-central-perk","status":"publish","type":"post","link":"https:\/\/www.cordobatimes.com\/showup\/curiosidades\/2014\/09\/18\/celebrando-los-20-anos-de-friends-abren-un-central-perk\/","title":{"rendered":"Celebrando los 20 a\u00f1os de \u00abFriends\u00bb; abren un Central Perk"},"content":{"rendered":"<h3 style=\"text-align: justify;\"><strong>Con motivo de su inminente vig\u00e9simo aniversario contin\u00faan las celebraciones y eventos relacionados con la popular sitcom. El \u00faltimo es la apertura del reconocido caf\u00e9 en Manhattan.<\/strong><\/h3>\n<p style=\"text-align: justify;\">Ahora, los seguidores de la famosa comedia de NBC podr\u00e1n disfrutar de las gigantescas tazas de caf\u00e9 que se tomaban Rachel (Jennifer Aniston), Phoebe (Lisa Kudrow), M\u00f3nica (Courteney Cox), Ross (David Swimmer), Chandler (Matthew Perry) y Joey (Matt LeBlanc), en el lugar de reuni\u00f3n principal del grupo.<\/p>\n<p style=\"text-align: justify;\">Esta r\u00e9plica pop-up de la emblem\u00e1tica cafeter\u00eda incluir\u00e1 decorados de la versi\u00f3n original como el sof\u00e1 en el que los protagonistas compart\u00edan an\u00e9cdotas, risas y llantos, guiones firmados, trajes de los actores, la m\u00edtica estatua de Joey, y sobre todo, el Smelly Cat de Phoebe como hilo musical.<\/p>\n<p style=\"text-align: justify;\">Durante la inauguraci\u00f3n hubo dos grandes sorpresas. Por un lado, la visita de James Michael Tyler, quien interpret\u00f3 a Gunther a lo largo de las diez temporadas que se mantuvo Friends en la parrilla televisiva de NBC.<\/p>\n<p style=\"text-align: justify;\">Y por otro, la actuaci\u00f3n en directo de The Rembrandts. El d\u00fao de pop-rock, formado por Phil Solem y Danny Wilde, interpret\u00f3 para los seguidores de Friends que acudieron a la inauguraci\u00f3n del Central Perk el ic\u00f3nico I&#8217;ll Be There For You.<\/p>\n","protected":false},"excerpt":{"rendered":"<p>Con motivo de su inminente vig\u00e9simo aniversario contin\u00faan las celebraciones y eventos relacionados con la popular sitcom. El \u00faltimo es la apertura del reconocido caf\u00e9 en Manhattan. Ahora, los seguidores de la famosa comedia de NBC podr\u00e1n disfrutar de las gigantescas tazas de caf\u00e9 que se tomaban Rachel (Jennifer Aniston), Phoebe (Lisa Kudrow), M\u00f3nica (Courteney [&hellip;]<\/p>\n","protected":false},"author":9,"featured_media":28926,"comment_status":"closed","ping_status":"closed","sticky":false,"template":"","format":"standard","meta":{"_seopress_robots_primary_cat":"","_seopress_titles_title":"","_seopress_titles_desc":"","_seopress_robots_index":"","footnotes":""},"categories":[8],"tags":[9307,9309,28928],"class_list":{"0":"post-28921","1":"post","2":"type-post","3":"status-publish","4":"format-standard","5":"has-post-thumbnail","7":"category-curiosidades","8":"tag-20-anos-de-friends","9":"tag-central-perk-en-manhattan","10":"tag-friends-central-perk"},"_links":{"self":[{"href":"https:\/\/www.cordobatimes.com\/showup\/wp-json\/wp\/v2\/posts\/28921","targetHints":{"allow":["GET"]}}],"collection":[{"href":"https:\/\/www.cordobatimes.com\/showup\/wp-json\/wp\/v2\/posts"}],"about":[{"href":"https:\/\/www.cordobatimes.com\/showup\/wp-json\/wp\/v2\/types\/post"}],"author":[{"embeddable":true,"href":"https:\/\/www.cordobatimes.com\/showup\/wp-json\/wp\/v2\/users\/9"}],"replies":[{"embeddable":true,"href":"https:\/\/www.cordobatimes.com\/showup\/wp-json\/wp\/v2\/comments?post=28921"}],"version-history":[{"count":0,"href":"https:\/\/www.cordobatimes.com\/showup\/wp-json\/wp\/v2\/posts\/28921\/revisions"}],"wp:featuredmedia":[{"embeddable":true,"href":"https:\/\/www.cordobatimes.com\/showup\/wp-json\/wp\/v2\/media\/28926"}],"wp:attachment":[{"href":"https:\/\/www.cordobatimes.com\/showup\/wp-json\/wp\/v2\/media?parent=28921"}],"wp:term":[{"taxonomy":"category","embeddable":true,"href":"https:\/\/www.cordobatimes.com\/showup\/wp-json\/wp\/v2\/categories?post=28921"},{"taxonomy":"post_tag","embeddable":true,"href":"https:\/\/www.cordobatimes.com\/showup\/wp-json\/wp\/v2\/tags?post=28921"}],"curies":[{"name":"wp","href":"https:\/\/api.w.org\/{rel}","templated":true}]}}