{"id":28882,"date":"2014-09-17T12:30:39","date_gmt":"2014-09-17T15:30:39","guid":{"rendered":"http:\/\/cordobatimes.com\/showup\/?p=28882"},"modified":"2020-01-28T18:43:52","modified_gmt":"2020-01-28T21:43:52","slug":"detuvieron-a-don-omar","status":"publish","type":"post","link":"https:\/\/www.cordobatimes.com\/showup\/famosos\/2014\/09\/17\/detuvieron-a-don-omar\/","title":{"rendered":"Detuvieron a Don Omar"},"content":{"rendered":"<h3 style=\"text-align: justify;\"><\/h3>\n<h3 style=\"text-align: justify;\"><strong>El reconocido reguetonero \u00a0fue arrestado este mi\u00e9rcoles en su residencia de Puerto Rico por amenazar a su pareja y se encuentra esperando en dependencias policiales a que la Fiscal\u00eda determine si mantiene la acusaci\u00f3n por violencia dom\u00e9stica.<\/strong><\/h3>\n<p style=\"text-align: justify;\">El hecho ocurri\u00f3 alrededor de las 8 de la ma\u00f1ana luego de que su novia lo denunciara por violencia de g\u00e9nero. El artista fue esposado y trasladado a la Comandancia de Bayam\u00f3n.<\/p>\n<p style=\"text-align: justify;\">Muy tranquilo, seg\u00fan informaron los medios locales, \u00abEl Rey\u00bb del reggaet\u00f3n lleg\u00f3 vestido con una camisa gris de manga larga y no quiso hacer declaraciones a la prensa que aguardaba por \u00e9l.<\/p>\n<p style=\"text-align: justify;\">Adem\u00e1s, y seg\u00fan pudieron comprobar los fot\u00f3grafos que le siguieron, al entrar en la zona de las celdas fue ovacionado por los presos que se arremolinaron alertados de antemano de qui\u00e9n se trataba.<\/p>\n<p style=\"text-align: justify;\">Lo llamativo es que \u00e9sta no ser\u00eda la primera acusaci\u00f3n por violencia de g\u00e9nero contra Don Omar, cuyo verdadero nombre es William Omar Landr\u00f3n Rivera quien espera, en prisi\u00f3n, la determinaci\u00f3n del fiscal que atiende su causa.<\/p>\n","protected":false},"excerpt":{"rendered":"<p>El reconocido reguetonero \u00a0fue arrestado este mi\u00e9rcoles en su residencia de Puerto Rico por amenazar a su pareja y se encuentra esperando en dependencias policiales a que la Fiscal\u00eda determine si mantiene la acusaci\u00f3n por violencia dom\u00e9stica. El hecho ocurri\u00f3 alrededor de las 8 de la ma\u00f1ana luego de que su novia lo denunciara por [&hellip;]<\/p>\n","protected":false},"author":9,"featured_media":28883,"comment_status":"closed","ping_status":"closed","sticky":false,"template":"","format":"standard","meta":{"_seopress_robots_primary_cat":"","_seopress_titles_title":"","_seopress_titles_desc":"","_seopress_robots_index":"","footnotes":""},"categories":[4],"tags":[28936],"class_list":{"0":"post-28882","1":"post","2":"type-post","3":"status-publish","4":"format-standard","5":"has-post-thumbnail","7":"category-famosos","8":"tag-don-omar-preso-por-violencia-domestica"},"_links":{"self":[{"href":"https:\/\/www.cordobatimes.com\/showup\/wp-json\/wp\/v2\/posts\/28882","targetHints":{"allow":["GET"]}}],"collection":[{"href":"https:\/\/www.cordobatimes.com\/showup\/wp-json\/wp\/v2\/posts"}],"about":[{"href":"https:\/\/www.cordobatimes.com\/showup\/wp-json\/wp\/v2\/types\/post"}],"author":[{"embeddable":true,"href":"https:\/\/www.cordobatimes.com\/showup\/wp-json\/wp\/v2\/users\/9"}],"replies":[{"embeddable":true,"href":"https:\/\/www.cordobatimes.com\/showup\/wp-json\/wp\/v2\/comments?post=28882"}],"version-history":[{"count":0,"href":"https:\/\/www.cordobatimes.com\/showup\/wp-json\/wp\/v2\/posts\/28882\/revisions"}],"wp:featuredmedia":[{"embeddable":true,"href":"https:\/\/www.cordobatimes.com\/showup\/wp-json\/wp\/v2\/media\/28883"}],"wp:attachment":[{"href":"https:\/\/www.cordobatimes.com\/showup\/wp-json\/wp\/v2\/media?parent=28882"}],"wp:term":[{"taxonomy":"category","embeddable":true,"href":"https:\/\/www.cordobatimes.com\/showup\/wp-json\/wp\/v2\/categories?post=28882"},{"taxonomy":"post_tag","embeddable":true,"href":"https:\/\/www.cordobatimes.com\/showup\/wp-json\/wp\/v2\/tags?post=28882"}],"curies":[{"name":"wp","href":"https:\/\/api.w.org\/{rel}","templated":true}]}}