{"id":28849,"date":"2014-09-17T16:50:46","date_gmt":"2014-09-17T19:50:46","guid":{"rendered":"http:\/\/cordobatimes.com\/showup\/?p=28849"},"modified":"2020-01-28T18:15:08","modified_gmt":"2020-01-28T21:15:08","slug":"pablo-alboran-estreno-por-fin-video","status":"publish","type":"post","link":"https:\/\/www.cordobatimes.com\/showup\/musica\/2014\/09\/17\/pablo-alboran-estreno-por-fin-video\/","title":{"rendered":"Pablo Albor\u00e1n estren\u00f3 \u00abPor fin\u00bb (Video)"},"content":{"rendered":"<h3 style=\"text-align: justify;\"><strong>Los fans del m\u00fasico \u00a0ten\u00edan el lunes 15 de septiembre se\u00f1alado en rojo en el calendario. Era un d\u00eda importante para el artista y compositor malague\u00f1o ya que se estrenaba en las radios su \u00faltimo single, un adelanto de su nuevo disco, el tercero de su carrera.<\/strong><\/h3>\n<p style=\"text-align: justify;\">El estreno del nuevo tema, ha llegado a ser &#8216;Trending Topic&#8217; en Twitter con la etiqueta #PorFinAlboran.<\/p>\n<p style=\"text-align: justify;\">Pablo Albor\u00e1n inicia de esta forma la promoci\u00f3n de su nuevo trabajo que lo tuvo muy entretenido y a las fans muy ansiosa.<\/p>\n<p style=\"text-align: justify;\">Con tan solo 25 a\u00f1os, Pablo Albor\u00e1n ha sido el m\u00fasico que m\u00e1s \u00e9xito ya que \u00a0ha vendido a nivel nacional en 2011 y 2012, un hecho sin precedentes en la historia de la m\u00fasica espa\u00f1ola.<\/p>\n<p style=\"text-align: justify;\">En su breve trayectoria musical ya suma una gran cantidad de premios y seguidores por todo el mundo.<\/p>\n<blockquote class=\"twitter-tweet\" data-lang=\"es\">\n<p dir=\"ltr\" lang=\"es\">\u00a1 Aqu\u00ed ten\u00e9is el videoclip de <a href=\"https:\/\/twitter.com\/hashtag\/PorFin?src=hash&amp;ref_src=twsrc%5Etfw\">#PorFin<\/a> !<a href=\"http:\/\/t.co\/lOsRgBJEWZ\">http:\/\/t.co\/lOsRgBJEWZ<\/a><\/p>\n<p>\u2014 Pablo Albor\u00e1n (@pabloalboran) <a href=\"https:\/\/twitter.com\/pabloalboran\/status\/511606697270714368?ref_src=twsrc%5Etfw\">15 de septiembre de 2014<\/a><\/p><\/blockquote>\n<p><script async src=\"https:\/\/platform.twitter.com\/widgets.js\" charset=\"utf-8\"><\/script><\/p>\n","protected":false},"excerpt":{"rendered":"<p>Los fans del m\u00fasico \u00a0ten\u00edan el lunes 15 de septiembre se\u00f1alado en rojo en el calendario. Era un d\u00eda importante para el artista y compositor malague\u00f1o ya que se estrenaba en las radios su \u00faltimo single, un adelanto de su nuevo disco, el tercero de su carrera. El estreno del nuevo tema, ha llegado a [&hellip;]<\/p>\n","protected":false},"author":9,"featured_media":28896,"comment_status":"closed","ping_status":"closed","sticky":false,"template":"","format":"standard","meta":{"_seopress_robots_primary_cat":"","_seopress_titles_title":"","_seopress_titles_desc":"","_seopress_robots_index":"","footnotes":""},"categories":[5],"tags":[28929],"class_list":{"0":"post-28849","1":"post","2":"type-post","3":"status-publish","4":"format-standard","5":"has-post-thumbnail","7":"category-musica","8":"tag-pablo-alboran-por-fin"},"_links":{"self":[{"href":"https:\/\/www.cordobatimes.com\/showup\/wp-json\/wp\/v2\/posts\/28849","targetHints":{"allow":["GET"]}}],"collection":[{"href":"https:\/\/www.cordobatimes.com\/showup\/wp-json\/wp\/v2\/posts"}],"about":[{"href":"https:\/\/www.cordobatimes.com\/showup\/wp-json\/wp\/v2\/types\/post"}],"author":[{"embeddable":true,"href":"https:\/\/www.cordobatimes.com\/showup\/wp-json\/wp\/v2\/users\/9"}],"replies":[{"embeddable":true,"href":"https:\/\/www.cordobatimes.com\/showup\/wp-json\/wp\/v2\/comments?post=28849"}],"version-history":[{"count":0,"href":"https:\/\/www.cordobatimes.com\/showup\/wp-json\/wp\/v2\/posts\/28849\/revisions"}],"wp:featuredmedia":[{"embeddable":true,"href":"https:\/\/www.cordobatimes.com\/showup\/wp-json\/wp\/v2\/media\/28896"}],"wp:attachment":[{"href":"https:\/\/www.cordobatimes.com\/showup\/wp-json\/wp\/v2\/media?parent=28849"}],"wp:term":[{"taxonomy":"category","embeddable":true,"href":"https:\/\/www.cordobatimes.com\/showup\/wp-json\/wp\/v2\/categories?post=28849"},{"taxonomy":"post_tag","embeddable":true,"href":"https:\/\/www.cordobatimes.com\/showup\/wp-json\/wp\/v2\/tags?post=28849"}],"curies":[{"name":"wp","href":"https:\/\/api.w.org\/{rel}","templated":true}]}}