{"id":28785,"date":"2014-09-15T17:46:29","date_gmt":"2014-09-15T20:46:29","guid":{"rendered":"http:\/\/cordobatimes.com\/showup\/?p=28785"},"modified":"2020-01-28T20:38:50","modified_gmt":"2020-01-28T23:38:50","slug":"relatos-salvajes-en-busca-de-un-oscar-inedito-para-argentina","status":"publish","type":"post","link":"https:\/\/www.cordobatimes.com\/showup\/cine-y-series\/2014\/09\/15\/relatos-salvajes-en-busca-de-un-oscar-inedito-para-argentina\/","title":{"rendered":"Relatos Salvajes en busca de un \u00d3scar in\u00e9dito para Argentina"},"content":{"rendered":"<h3 style=\"text-align: justify;\"><strong>La revista \u2018The Hollywood Reporter\u2019 destac\u00f3 el film de Dami\u00e1n Szifr\u00f3n como una de las favoritas para obtener en el 2015 el Oscar a la mejor pel\u00edcula extranjera sino adem\u00e1s en conseguir una nominaci\u00f3n al mejor gui\u00f3n original.<\/strong><\/h3>\n<p style=\"text-align: justify;\">Relatos Salvajes\u00a0es la pel\u00edcula argentina m\u00e1s\u00a0taquillera\u00a0del 2014 pero su proyecci\u00f3n no se detiene\u00a0en el mundo\u00a0del cine. La revista \u201cThe\u00a0Hollywood Reporter\u201d destac\u00f3 el film de\u00a0Dami\u00e1n Szifr\u00f3n\u00a0como una de las\u00a0favoritas\u00a0para obtener en el 2015 el\u00a0Oscar\u00a0a la mejor pel\u00edcula extranjera sino adem\u00e1s en conseguir una\u00a0nominaci\u00f3n\u00a0al\u00a0mejor gui\u00f3n original.<\/p>\n<p style=\"text-align: justify;\">Relatos salvajes no solo podr\u00e1 lograr la misma haza\u00f1a que\u00a0<strong>La historia oficial<\/strong>\u00a0(1985) y\u00a0<strong>El Secreto de sus Ojos<\/strong>\u00a0(2009), sino que tambi\u00e9n tendr\u00e1 la oportunidad de conseguir una nominaci\u00f3n al mejor gui\u00f3n original original, algo que s\u00f3lo 53 pel\u00edculas en lengua no inglesa han logrado, La historia oficial es uno de ellas\u201d, destac\u00f3 THR.<\/p>\n<p style=\"text-align: justify;\">Tras su paso por los influyentes festivales de\u00a0<strong>Cannes<\/strong>, Toronto y Telluride, donde no se ha parado de hablar de Relatos salvajes, todo hace pensar que Argentina tendr\u00e1 una pel\u00edcula en la pr\u00f3xima entrega de los Oscar. Por ahora solo habr\u00e1 que esperar hasta el 5 de octubre cuando la Academia de Artes y Ciencias Cinematogr\u00e1ficas local elija la pel\u00edcula que representar\u00e1 al pa\u00eds.<\/p>\n<p>&nbsp;<\/p>\n","protected":false},"excerpt":{"rendered":"<p>La revista \u2018The Hollywood Reporter\u2019 destac\u00f3 el film de Dami\u00e1n Szifr\u00f3n como una de las favoritas para obtener en el 2015 el Oscar a la mejor pel\u00edcula extranjera sino adem\u00e1s en conseguir una nominaci\u00f3n al mejor gui\u00f3n original. Relatos Salvajes\u00a0es la pel\u00edcula argentina m\u00e1s\u00a0taquillera\u00a0del 2014 pero su proyecci\u00f3n no se detiene\u00a0en el mundo\u00a0del cine. La [&hellip;]<\/p>\n","protected":false},"author":1,"featured_media":28795,"comment_status":"closed","ping_status":"closed","sticky":false,"template":"","format":"standard","meta":{"_seopress_robots_primary_cat":"","_seopress_titles_title":"","_seopress_titles_desc":"","_seopress_robots_index":"","footnotes":""},"categories":[3],"tags":[28942],"class_list":{"0":"post-28785","1":"post","2":"type-post","3":"status-publish","4":"format-standard","5":"has-post-thumbnail","7":"category-cine-y-series","8":"tag-relatos-salvajes-en-los-premios-oscars"},"_links":{"self":[{"href":"https:\/\/www.cordobatimes.com\/showup\/wp-json\/wp\/v2\/posts\/28785","targetHints":{"allow":["GET"]}}],"collection":[{"href":"https:\/\/www.cordobatimes.com\/showup\/wp-json\/wp\/v2\/posts"}],"about":[{"href":"https:\/\/www.cordobatimes.com\/showup\/wp-json\/wp\/v2\/types\/post"}],"author":[{"embeddable":true,"href":"https:\/\/www.cordobatimes.com\/showup\/wp-json\/wp\/v2\/users\/1"}],"replies":[{"embeddable":true,"href":"https:\/\/www.cordobatimes.com\/showup\/wp-json\/wp\/v2\/comments?post=28785"}],"version-history":[{"count":0,"href":"https:\/\/www.cordobatimes.com\/showup\/wp-json\/wp\/v2\/posts\/28785\/revisions"}],"wp:featuredmedia":[{"embeddable":true,"href":"https:\/\/www.cordobatimes.com\/showup\/wp-json\/wp\/v2\/media\/28795"}],"wp:attachment":[{"href":"https:\/\/www.cordobatimes.com\/showup\/wp-json\/wp\/v2\/media?parent=28785"}],"wp:term":[{"taxonomy":"category","embeddable":true,"href":"https:\/\/www.cordobatimes.com\/showup\/wp-json\/wp\/v2\/categories?post=28785"},{"taxonomy":"post_tag","embeddable":true,"href":"https:\/\/www.cordobatimes.com\/showup\/wp-json\/wp\/v2\/tags?post=28785"}],"curies":[{"name":"wp","href":"https:\/\/api.w.org\/{rel}","templated":true}]}}