{"id":28752,"date":"2014-09-15T16:50:18","date_gmt":"2014-09-15T19:50:18","guid":{"rendered":"http:\/\/cordobatimes.com\/showup\/?p=28752"},"modified":"2020-01-28T21:12:18","modified_gmt":"2020-01-29T00:12:18","slug":"el-profesor-jirafales-fue-dado-de-alta-pero-perdio-la-movilidad-de-sus-piernas","status":"publish","type":"post","link":"https:\/\/www.cordobatimes.com\/showup\/famosos\/2014\/09\/15\/el-profesor-jirafales-fue-dado-de-alta-pero-perdio-la-movilidad-de-sus-piernas\/","title":{"rendered":"El Profesor Jirafales fue dado de alta pero perdi\u00f3 la movilidad de sus piernas"},"content":{"rendered":"<h3 style=\"text-align: justify;\"><strong>El mexicano Rub\u00e9n Aguirre, quien se hizo conocido a nivel mundial por su personaje en \u201cEl Chavo del 8\u201d, estuvo internado por un cuadro de anemia y deshidrataci\u00f3n semanas atr\u00e1s.\u00a0<\/strong><\/h3>\n<p style=\"text-align: justify;\">Rub\u00e9n Aguirre perdi\u00f3 la movilidad en las piernas, luego de que el pasado 23 de agosto fuera internado en un centro m\u00e9dico en la ciudad de M\u00e9xico por un cuadro de anemia y deshidrataci\u00f3n.<\/p>\n<p style=\"text-align: justify;\">Cuando el actor de \u201cEl Chavo del 8\u201d, que tiene 80 a\u00f1os, fue internado, tambi\u00e9n ten\u00eda la glucosa muy alta y las piernas ulceradas, explicaron los m\u00e9dicos que lo atendieron.<\/p>\n<p>Ahora reposa en casa de uno de sus hijos y deber\u00e1 someterse a un tratamiento especial para que pueda volver a caminar.<\/p>\n<p>El hijo del famoso \u201cEl Profesor Jirafales\u201d agradeci\u00f3 el apoyo que recibi\u00f3. \u201cHa estado muy visitado, vino a verlo Edgar Vivar, Eric del Castillo\u201d, cont\u00f3 y revel\u00f3 que Roberto G\u00f3mez Bola\u00f1os le envi\u00f3 su apoyo de forma telef\u00f3nica.<\/p>\n","protected":false},"excerpt":{"rendered":"<p>El mexicano Rub\u00e9n Aguirre, quien se hizo conocido a nivel mundial por su personaje en \u201cEl Chavo del 8\u201d, estuvo internado por un cuadro de anemia y deshidrataci\u00f3n semanas atr\u00e1s.\u00a0 Rub\u00e9n Aguirre perdi\u00f3 la movilidad en las piernas, luego de que el pasado 23 de agosto fuera internado en un centro m\u00e9dico en la ciudad [&hellip;]<\/p>\n","protected":false},"author":9,"featured_media":28774,"comment_status":"closed","ping_status":"closed","sticky":false,"template":"","format":"standard","meta":{"_seopress_robots_primary_cat":"","_seopress_titles_title":"","_seopress_titles_desc":"","_seopress_robots_index":"","footnotes":""},"categories":[4],"tags":[28944,9239,28945],"class_list":{"0":"post-28752","1":"post","2":"type-post","3":"status-publish","4":"format-standard","5":"has-post-thumbnail","7":"category-famosos","8":"tag-el-profesor-jirafales-perdio-la-movilidad-de-sus-piernas","9":"tag-estado-de-salud-del-porfesor-jirafale","10":"tag-ruben-aguirre-perdio-la-movilidad-de-sus-piernas"},"_links":{"self":[{"href":"https:\/\/www.cordobatimes.com\/showup\/wp-json\/wp\/v2\/posts\/28752","targetHints":{"allow":["GET"]}}],"collection":[{"href":"https:\/\/www.cordobatimes.com\/showup\/wp-json\/wp\/v2\/posts"}],"about":[{"href":"https:\/\/www.cordobatimes.com\/showup\/wp-json\/wp\/v2\/types\/post"}],"author":[{"embeddable":true,"href":"https:\/\/www.cordobatimes.com\/showup\/wp-json\/wp\/v2\/users\/9"}],"replies":[{"embeddable":true,"href":"https:\/\/www.cordobatimes.com\/showup\/wp-json\/wp\/v2\/comments?post=28752"}],"version-history":[{"count":0,"href":"https:\/\/www.cordobatimes.com\/showup\/wp-json\/wp\/v2\/posts\/28752\/revisions"}],"wp:featuredmedia":[{"embeddable":true,"href":"https:\/\/www.cordobatimes.com\/showup\/wp-json\/wp\/v2\/media\/28774"}],"wp:attachment":[{"href":"https:\/\/www.cordobatimes.com\/showup\/wp-json\/wp\/v2\/media?parent=28752"}],"wp:term":[{"taxonomy":"category","embeddable":true,"href":"https:\/\/www.cordobatimes.com\/showup\/wp-json\/wp\/v2\/categories?post=28752"},{"taxonomy":"post_tag","embeddable":true,"href":"https:\/\/www.cordobatimes.com\/showup\/wp-json\/wp\/v2\/tags?post=28752"}],"curies":[{"name":"wp","href":"https:\/\/api.w.org\/{rel}","templated":true}]}}