{"id":28735,"date":"2014-09-15T16:58:30","date_gmt":"2014-09-15T19:58:30","guid":{"rendered":"http:\/\/cordobatimes.com\/showup\/?p=28735"},"modified":"2020-01-28T20:42:17","modified_gmt":"2020-01-28T23:42:17","slug":"amy-winehouse-cumpliria-31-anos-y-la-homenajearon-con-una-estatua","status":"publish","type":"post","link":"https:\/\/www.cordobatimes.com\/showup\/famosos\/2014\/09\/15\/amy-winehouse-cumpliria-31-anos-y-la-homenajearon-con-una-estatua\/","title":{"rendered":"Amy Winehouse cumplir\u00eda 31 a\u00f1os y la homenajearon con una estatua"},"content":{"rendered":"<h3 style=\"text-align: justify;\"><strong>La diva del soul fue recordada junto a sus familiares, amigos y fan\u00e1ticos que asistieron a la inauguraci\u00f3n de una estatua de bronce que busca inmortalizarla.<\/strong><\/h3>\n<p style=\"text-align: justify;\">Aunque se planeaba ubicar la figura en el recinto de conciertos Roundhouse, finalmente se busc\u00f3 un lugar en el que los seguidores de la artista tuvieran f\u00e1cil acceso.<\/p>\n<p style=\"text-align: justify;\">\u00abDecidimos ofrecer a los fans de Amy un monumento permanente, por eso optamos por situarlo en el coraz\u00f3n de Camden Town\u201d, inform\u00f3 la fundaci\u00f3n Amy Winehouse, dedicada a ayudar a j\u00f3venes a salir de las drogas y el alcohol.<\/p>\n<p style=\"text-align: justify;\">La escultura en tama\u00f1o real fue creada por el artista Scott Eaton y financiada por la familia de la artista y camdemmarket.com. Los visitantes pueden encontrar la estatua en el Stables Market, uno de los mercados del tur\u00edstico barrio Camden Town.<\/p>\n<p style=\"text-align: justify;\"><a href=\"http:\/\/cordobatimes.com\/showup\/wp-content\/uploads\/2014\/09\/ay-1.jpg\"><img loading=\"lazy\" decoding=\"async\" class=\"alignnone size-full wp-image-28777\" src=\"http:\/\/cordobatimes.com\/showup\/wp-content\/uploads\/2014\/09\/ay-1.jpg\" alt=\"ay 1\" width=\"600\" height=\"308\" data-id=\"28777\" srcset=\"https:\/\/www.cordobatimes.com\/showup\/wp-content\/uploads\/2014\/09\/ay-1.jpg 600w, https:\/\/www.cordobatimes.com\/showup\/wp-content\/uploads\/2014\/09\/ay-1-300x154.jpg 300w\" sizes=\"auto, (max-width: 600px) 100vw, 600px\" \/><\/a><\/p>\n<p style=\"text-align: justify;\">Este barrio mel\u00f3mano ubicado al norte de Londres fue el hogar de Winehouse y el escenario de los primeros conciertos de bandas como Oasis y Radiohead.<\/p>\n<p style=\"text-align: justify;\">La talentosa cantante muri\u00f3 a los 27 a\u00f1os a causa de una sobredosis de alcohol.<\/p>\n","protected":false},"excerpt":{"rendered":"<p>La diva del soul fue recordada junto a sus familiares, amigos y fan\u00e1ticos que asistieron a la inauguraci\u00f3n de una estatua de bronce que busca inmortalizarla. Aunque se planeaba ubicar la figura en el recinto de conciertos Roundhouse, finalmente se busc\u00f3 un lugar en el que los seguidores de la artista tuvieran f\u00e1cil acceso. \u00abDecidimos [&hellip;]<\/p>\n","protected":false},"author":9,"featured_media":28776,"comment_status":"closed","ping_status":"closed","sticky":false,"template":"","format":"standard","meta":{"_seopress_robots_primary_cat":"","_seopress_titles_title":"","_seopress_titles_desc":"","_seopress_robots_index":"","footnotes":""},"categories":[4],"tags":[9243,28943],"class_list":{"0":"post-28735","1":"post","2":"type-post","3":"status-publish","4":"format-standard","5":"has-post-thumbnail","7":"category-famosos","8":"tag-estatua-de-amy-winehouse","9":"tag-homenaje-a-amy-winehouse-con-una-estatua"},"_links":{"self":[{"href":"https:\/\/www.cordobatimes.com\/showup\/wp-json\/wp\/v2\/posts\/28735","targetHints":{"allow":["GET"]}}],"collection":[{"href":"https:\/\/www.cordobatimes.com\/showup\/wp-json\/wp\/v2\/posts"}],"about":[{"href":"https:\/\/www.cordobatimes.com\/showup\/wp-json\/wp\/v2\/types\/post"}],"author":[{"embeddable":true,"href":"https:\/\/www.cordobatimes.com\/showup\/wp-json\/wp\/v2\/users\/9"}],"replies":[{"embeddable":true,"href":"https:\/\/www.cordobatimes.com\/showup\/wp-json\/wp\/v2\/comments?post=28735"}],"version-history":[{"count":0,"href":"https:\/\/www.cordobatimes.com\/showup\/wp-json\/wp\/v2\/posts\/28735\/revisions"}],"wp:featuredmedia":[{"embeddable":true,"href":"https:\/\/www.cordobatimes.com\/showup\/wp-json\/wp\/v2\/media\/28776"}],"wp:attachment":[{"href":"https:\/\/www.cordobatimes.com\/showup\/wp-json\/wp\/v2\/media?parent=28735"}],"wp:term":[{"taxonomy":"category","embeddable":true,"href":"https:\/\/www.cordobatimes.com\/showup\/wp-json\/wp\/v2\/categories?post=28735"},{"taxonomy":"post_tag","embeddable":true,"href":"https:\/\/www.cordobatimes.com\/showup\/wp-json\/wp\/v2\/tags?post=28735"}],"curies":[{"name":"wp","href":"https:\/\/api.w.org\/{rel}","templated":true}]}}