{"id":28724,"date":"2014-09-14T17:45:05","date_gmt":"2014-09-14T20:45:05","guid":{"rendered":"http:\/\/cordobatimes.com\/showup\/?p=28724"},"modified":"2020-01-28T21:28:49","modified_gmt":"2020-01-29T00:28:49","slug":"increible-jorge-rojas-emociono-cantando-el-himno-video","status":"publish","type":"post","link":"https:\/\/www.cordobatimes.com\/showup\/musica\/2014\/09\/14\/increible-jorge-rojas-emociono-cantando-el-himno-video\/","title":{"rendered":"\u00a1Incre\u00edble! Jorge Rojas emocion\u00f3 cantando el Himno (Video)"},"content":{"rendered":"<h3 style=\"text-align: justify;\"><strong>Minutos antes de que comience la pelea del a\u00f1o entre el Chino Maidana y Floyd Mayweather el estadio enmudeci\u00f3 para escuchar una sublime interpretaci\u00f3n del Himno Nacional Argentino.<\/strong><\/h3>\n<p style=\"text-align: justify;\">La versi\u00f3n de Jorge Rojas puso la piel de gallina a los argentinos que se acercaron al MGM de Las Vegas a alentar al argentino, y emocion\u00f3 a m\u00e1s de uno que lo sigui\u00f3 a la distancia.<\/p>\n<p style=\"text-align: justify;\">Sin lugar a dudas, la interpretaci\u00f3n del argentino \u00a0fue uno de los incentivos m\u00e1s fuertes que llevaron a Marcos Maidana a resistir y dar una batalla feroz a Mayweather, en lo que ya se considera la pelea del a\u00f1o por la revancha de los t\u00edtulos welter y superwelter del Consejo Mundial de Boxeo.<\/p>\n<p style=\"text-align: justify;\">No te quedes sin volver a verlo.<\/p>\n<p><iframe loading=\"lazy\" src=\"\/\/www.youtube.com\/embed\/R-z9VFGc_RY\" width=\"420\" height=\"315\" frameborder=\"0\" allowfullscreen=\"allowfullscreen\"><\/iframe><\/p>\n","protected":false},"excerpt":{"rendered":"<p>Minutos antes de que comience la pelea del a\u00f1o entre el Chino Maidana y Floyd Mayweather el estadio enmudeci\u00f3 para escuchar una sublime interpretaci\u00f3n del Himno Nacional Argentino. La versi\u00f3n de Jorge Rojas puso la piel de gallina a los argentinos que se acercaron al MGM de Las Vegas a alentar al argentino, y emocion\u00f3 [&hellip;]<\/p>\n","protected":false},"author":9,"featured_media":28725,"comment_status":"closed","ping_status":"closed","sticky":false,"template":"","format":"standard","meta":{"_seopress_robots_primary_cat":"","_seopress_titles_title":"","_seopress_titles_desc":"","_seopress_robots_index":"","footnotes":""},"categories":[5],"tags":[28948],"class_list":{"0":"post-28724","1":"post","2":"type-post","3":"status-publish","4":"format-standard","5":"has-post-thumbnail","7":"category-musica","8":"tag-jorge-rojas-cantando-el-himno"},"_links":{"self":[{"href":"https:\/\/www.cordobatimes.com\/showup\/wp-json\/wp\/v2\/posts\/28724","targetHints":{"allow":["GET"]}}],"collection":[{"href":"https:\/\/www.cordobatimes.com\/showup\/wp-json\/wp\/v2\/posts"}],"about":[{"href":"https:\/\/www.cordobatimes.com\/showup\/wp-json\/wp\/v2\/types\/post"}],"author":[{"embeddable":true,"href":"https:\/\/www.cordobatimes.com\/showup\/wp-json\/wp\/v2\/users\/9"}],"replies":[{"embeddable":true,"href":"https:\/\/www.cordobatimes.com\/showup\/wp-json\/wp\/v2\/comments?post=28724"}],"version-history":[{"count":0,"href":"https:\/\/www.cordobatimes.com\/showup\/wp-json\/wp\/v2\/posts\/28724\/revisions"}],"wp:featuredmedia":[{"embeddable":true,"href":"https:\/\/www.cordobatimes.com\/showup\/wp-json\/wp\/v2\/media\/28725"}],"wp:attachment":[{"href":"https:\/\/www.cordobatimes.com\/showup\/wp-json\/wp\/v2\/media?parent=28724"}],"wp:term":[{"taxonomy":"category","embeddable":true,"href":"https:\/\/www.cordobatimes.com\/showup\/wp-json\/wp\/v2\/categories?post=28724"},{"taxonomy":"post_tag","embeddable":true,"href":"https:\/\/www.cordobatimes.com\/showup\/wp-json\/wp\/v2\/tags?post=28724"}],"curies":[{"name":"wp","href":"https:\/\/api.w.org\/{rel}","templated":true}]}}