{"id":28709,"date":"2014-09-14T17:06:50","date_gmt":"2014-09-14T20:06:50","guid":{"rendered":"http:\/\/cordobatimes.com\/showup\/?p=28709"},"modified":"2020-01-29T13:48:00","modified_gmt":"2020-01-29T16:48:00","slug":"moria-casan-viajaria-a-paraguay-por-la-causa-de-las-joyas","status":"publish","type":"post","link":"https:\/\/www.cordobatimes.com\/showup\/famosos\/2014\/09\/14\/moria-casan-viajaria-a-paraguay-por-la-causa-de-las-joyas\/","title":{"rendered":"Moria Cas\u00e1n viajar\u00eda a Paraguay por la causa de las joyas"},"content":{"rendered":"<h3 style=\"text-align: justify;\"><strong>Aunque la Justicia argentina neg\u00f3 el pedido de extradici\u00f3n de la diva al pa\u00eds vecino, la causa exig\u00eda la detenci\u00f3n internacional que libr\u00f3 Interpol en ese momento, sigue vigente y le impide a la capoc\u00f3mica salir del pa\u00eds.<\/strong><\/h3>\n<p style=\"text-align: justify;\">Cansada de esta situaci\u00f3n, Moria le habr\u00eda pedido a sus abogados que hagan los tr\u00e1mites necesarios para que ella pueda viajar este a\u00f1o a Paraguay y cerrar esta causa, seg\u00fan public\u00f3 Diario Popular.<\/p>\n<p>El conflicto aqu\u00ed radica en la posibilidad de que, antes de resolverse el problema, Moria pueda quedar detenida, aunque sea por algunas horas. \u00abEn Paraguay la quieren ver a Moria con las esposas\u00bb, hab\u00eda declarado sobre la causa Mat\u00edas Morla, abogado de Cas\u00e1n.<\/p>\n<p>Recordemos que la causa se inici\u00f3 en septiembre de 2012, cuando Moria desfil\u00f3 en una presentaci\u00f3n en un boliche de ese pa\u00eds con joya que despu\u00e9s desapareci\u00f3.<\/p>\n<p>Fuente: Ratingcero.com<\/p>\n","protected":false},"excerpt":{"rendered":"<p>Aunque la Justicia argentina neg\u00f3 el pedido de extradici\u00f3n de la diva al pa\u00eds vecino, la causa exig\u00eda la detenci\u00f3n internacional que libr\u00f3 Interpol en ese momento, sigue vigente y le impide a la capoc\u00f3mica salir del pa\u00eds. Cansada de esta situaci\u00f3n, Moria le habr\u00eda pedido a sus abogados que hagan los tr\u00e1mites necesarios para [&hellip;]<\/p>\n","protected":false},"author":9,"featured_media":28710,"comment_status":"closed","ping_status":"closed","sticky":false,"template":"","format":"standard","meta":{"_seopress_robots_primary_cat":"","_seopress_titles_title":"","_seopress_titles_desc":"","_seopress_robots_index":"","footnotes":""},"categories":[4],"tags":[28958,28959],"class_list":{"0":"post-28709","1":"post","2":"type-post","3":"status-publish","4":"format-standard","5":"has-post-thumbnail","7":"category-famosos","8":"tag-moria-casan-causa-de-las-joyas","9":"tag-moria-casan-pedido-de-extradicion"},"_links":{"self":[{"href":"https:\/\/www.cordobatimes.com\/showup\/wp-json\/wp\/v2\/posts\/28709","targetHints":{"allow":["GET"]}}],"collection":[{"href":"https:\/\/www.cordobatimes.com\/showup\/wp-json\/wp\/v2\/posts"}],"about":[{"href":"https:\/\/www.cordobatimes.com\/showup\/wp-json\/wp\/v2\/types\/post"}],"author":[{"embeddable":true,"href":"https:\/\/www.cordobatimes.com\/showup\/wp-json\/wp\/v2\/users\/9"}],"replies":[{"embeddable":true,"href":"https:\/\/www.cordobatimes.com\/showup\/wp-json\/wp\/v2\/comments?post=28709"}],"version-history":[{"count":0,"href":"https:\/\/www.cordobatimes.com\/showup\/wp-json\/wp\/v2\/posts\/28709\/revisions"}],"wp:featuredmedia":[{"embeddable":true,"href":"https:\/\/www.cordobatimes.com\/showup\/wp-json\/wp\/v2\/media\/28710"}],"wp:attachment":[{"href":"https:\/\/www.cordobatimes.com\/showup\/wp-json\/wp\/v2\/media?parent=28709"}],"wp:term":[{"taxonomy":"category","embeddable":true,"href":"https:\/\/www.cordobatimes.com\/showup\/wp-json\/wp\/v2\/categories?post=28709"},{"taxonomy":"post_tag","embeddable":true,"href":"https:\/\/www.cordobatimes.com\/showup\/wp-json\/wp\/v2\/tags?post=28709"}],"curies":[{"name":"wp","href":"https:\/\/api.w.org\/{rel}","templated":true}]}}