{"id":28702,"date":"2014-09-14T17:59:44","date_gmt":"2014-09-14T20:59:44","guid":{"rendered":"http:\/\/cordobatimes.com\/showup\/?p=28702"},"modified":"2020-01-28T21:21:50","modified_gmt":"2020-01-29T00:21:50","slug":"los-simpson-el-especial-de-halloween-viene-con-sorpresas","status":"publish","type":"post","link":"https:\/\/www.cordobatimes.com\/showup\/cine-y-series\/2014\/09\/14\/los-simpson-el-especial-de-halloween-viene-con-sorpresas\/","title":{"rendered":"Los Simpson: el especial de Halloween viene con sorpresas"},"content":{"rendered":"<h3 style=\"text-align: justify;\"><strong>La familia animada de Matt Groening har\u00e1 un crossover Los Simpson del \u00abThe Tracey Ultiman Show\u00bb, del a\u00f1o 1987, durante el cap\u00edtulo que se transmitir\u00e1 como especial de Halloween.<\/strong><\/h3>\n<p style=\"text-align: justify;\">El episodio se emitir\u00e1 el 19 de octubre por FOX y contiene un segmento que parodia a \u00abLos otros\u00bb, filme de 2001 dirigido por Alejandro Amen\u00e1bar y protagonizado por Nicole Kidman, en el que la familia animada de Groening es perseguida por una familia fantasma que habita su casa.<\/p>\n<p style=\"text-align: justify;\">Los fantasmas son, nada m\u00e1s y nada menos que los dibujos originales creados para una serie de cortos animados que se emit\u00edan en The Tracey Ultiman Show, detall\u00f3 el portal 20minutos.es.<\/p>\n<p style=\"text-align: justify;\">Cabe destacar que \u00e9ste no ser\u00e1 el primer cameo de la familia original en la serie. Ya aparecieron en Adventures in Baby-Getting de 2012 y en los cr\u00e9ditos de apertura del especial de Halloween del a\u00f1o pasado, creados por Guillermo Del Toro.<\/p>\n","protected":false},"excerpt":{"rendered":"<p>La familia animada de Matt Groening har\u00e1 un crossover Los Simpson del \u00abThe Tracey Ultiman Show\u00bb, del a\u00f1o 1987, durante el cap\u00edtulo que se transmitir\u00e1 como especial de Halloween. El episodio se emitir\u00e1 el 19 de octubre por FOX y contiene un segmento que parodia a \u00abLos otros\u00bb, filme de 2001 dirigido por Alejandro Amen\u00e1bar [&hellip;]<\/p>\n","protected":false},"author":9,"featured_media":28727,"comment_status":"closed","ping_status":"closed","sticky":false,"template":"","format":"standard","meta":{"_seopress_robots_primary_cat":"","_seopress_titles_title":"","_seopress_titles_desc":"","_seopress_robots_index":"","footnotes":""},"categories":[3],"tags":[28947,28946],"class_list":{"0":"post-28702","1":"post","2":"type-post","3":"status-publish","4":"format-standard","5":"has-post-thumbnail","7":"category-cine-y-series","8":"tag-los-simpson-del-the-tracey-ultiman-show","9":"tag-los-simpson-especial-de-halloween"},"_links":{"self":[{"href":"https:\/\/www.cordobatimes.com\/showup\/wp-json\/wp\/v2\/posts\/28702","targetHints":{"allow":["GET"]}}],"collection":[{"href":"https:\/\/www.cordobatimes.com\/showup\/wp-json\/wp\/v2\/posts"}],"about":[{"href":"https:\/\/www.cordobatimes.com\/showup\/wp-json\/wp\/v2\/types\/post"}],"author":[{"embeddable":true,"href":"https:\/\/www.cordobatimes.com\/showup\/wp-json\/wp\/v2\/users\/9"}],"replies":[{"embeddable":true,"href":"https:\/\/www.cordobatimes.com\/showup\/wp-json\/wp\/v2\/comments?post=28702"}],"version-history":[{"count":0,"href":"https:\/\/www.cordobatimes.com\/showup\/wp-json\/wp\/v2\/posts\/28702\/revisions"}],"wp:featuredmedia":[{"embeddable":true,"href":"https:\/\/www.cordobatimes.com\/showup\/wp-json\/wp\/v2\/media\/28727"}],"wp:attachment":[{"href":"https:\/\/www.cordobatimes.com\/showup\/wp-json\/wp\/v2\/media?parent=28702"}],"wp:term":[{"taxonomy":"category","embeddable":true,"href":"https:\/\/www.cordobatimes.com\/showup\/wp-json\/wp\/v2\/categories?post=28702"},{"taxonomy":"post_tag","embeddable":true,"href":"https:\/\/www.cordobatimes.com\/showup\/wp-json\/wp\/v2\/tags?post=28702"}],"curies":[{"name":"wp","href":"https:\/\/api.w.org\/{rel}","templated":true}]}}