{"id":28669,"date":"2014-09-13T17:16:14","date_gmt":"2014-09-13T20:16:14","guid":{"rendered":"http:\/\/cordobatimes.com\/showup\/?p=28669"},"modified":"2020-01-29T13:53:51","modified_gmt":"2020-01-29T16:53:51","slug":"la-tota-santillan-personalidad-destacada-de-la-cultura-de-la-ciudad-de-buenos-aires","status":"publish","type":"post","link":"https:\/\/www.cordobatimes.com\/showup\/famosos\/2014\/09\/13\/la-tota-santillan-personalidad-destacada-de-la-cultura-de-la-ciudad-de-buenos-aires\/","title":{"rendered":"\u00abLa Tota\u00bb Santill\u00e1n Personalidad Destacada de la Cultura de la Ciudad de Buenos Aires"},"content":{"rendered":"<h3 style=\"text-align: justify;\"><strong>El mi\u00e9rcoles a las 18 horas Daniel Santill\u00e1n recibir\u00e1 un diploma de honor de reconocimiento a su labor.\u00a0<\/strong><\/h3>\n<p style=\"text-align: justify;\">\u00abEs algo lindo. Va a estar muy bueno ese momento. Estoy agradecido y muy feliz de todo esto\u00bb, dijo \u00abLa Tota\u00bb Santill\u00e1n\u00bb a Teleshow sobre esta distinci\u00f3n que le entregar\u00e1n en la Legislatura porte\u00f1a.<\/p>\n<p style=\"text-align: justify;\">\u00abEs un mimo al coraz\u00f3n y al laburo que uno hace todos los d\u00edas\u00bb, agreg\u00f3 el conductor y productor que est\u00e1 trabajando para llevar de gira \u00abHasta que la risa no se pare\u00bb, la obra con la que estuvo en Mar del Plata durante el \u00faltimo verano.<\/p>\n<p style=\"text-align: justify;\">Este reconocimiento llega por iniciativa del legislador porte\u00f1o PRO, Oscar Zago: \u00abEs sabido que la cultura popular ciudadana ha adoptado ya hace muchos a\u00f1os a la m\u00fasica tropical como uno de los tantos ritmos en donde identificarse los porte\u00f1os\u00bb.<\/p>\n<p style=\"text-align: justify;\">Adem\u00e1s, agreg\u00f3: \u00abEs innegable que uno de los precursores de dicha movida cultural es sin dudas Daniel Santill\u00e1n como conductor de programas de ese g\u00e9nero musical y tambi\u00e9n como productor sum\u00e1ndole a ello el haber sido cantante de dicho g\u00e9nero musical y haber grabado discos\u00bb, explic\u00f3 el Legislador en declaraciones al sitio Parlamentario.com.<\/p>\n","protected":false},"excerpt":{"rendered":"<p>El mi\u00e9rcoles a las 18 horas Daniel Santill\u00e1n recibir\u00e1 un diploma de honor de reconocimiento a su labor.\u00a0 \u00abEs algo lindo. Va a estar muy bueno ese momento. Estoy agradecido y muy feliz de todo esto\u00bb, dijo \u00abLa Tota\u00bb Santill\u00e1n\u00bb a Teleshow sobre esta distinci\u00f3n que le entregar\u00e1n en la Legislatura porte\u00f1a. \u00abEs un mimo [&hellip;]<\/p>\n","protected":false},"author":9,"featured_media":28670,"comment_status":"closed","ping_status":"closed","sticky":false,"template":"","format":"standard","meta":{"_seopress_robots_primary_cat":"","_seopress_titles_title":"","_seopress_titles_desc":"","_seopress_robots_index":"","footnotes":""},"categories":[4],"tags":[28961],"class_list":{"0":"post-28669","1":"post","2":"type-post","3":"status-publish","4":"format-standard","5":"has-post-thumbnail","7":"category-famosos","8":"tag-la-tota-santillan-personalidad-destacada-de-la-cultura"},"_links":{"self":[{"href":"https:\/\/www.cordobatimes.com\/showup\/wp-json\/wp\/v2\/posts\/28669","targetHints":{"allow":["GET"]}}],"collection":[{"href":"https:\/\/www.cordobatimes.com\/showup\/wp-json\/wp\/v2\/posts"}],"about":[{"href":"https:\/\/www.cordobatimes.com\/showup\/wp-json\/wp\/v2\/types\/post"}],"author":[{"embeddable":true,"href":"https:\/\/www.cordobatimes.com\/showup\/wp-json\/wp\/v2\/users\/9"}],"replies":[{"embeddable":true,"href":"https:\/\/www.cordobatimes.com\/showup\/wp-json\/wp\/v2\/comments?post=28669"}],"version-history":[{"count":0,"href":"https:\/\/www.cordobatimes.com\/showup\/wp-json\/wp\/v2\/posts\/28669\/revisions"}],"wp:featuredmedia":[{"embeddable":true,"href":"https:\/\/www.cordobatimes.com\/showup\/wp-json\/wp\/v2\/media\/28670"}],"wp:attachment":[{"href":"https:\/\/www.cordobatimes.com\/showup\/wp-json\/wp\/v2\/media?parent=28669"}],"wp:term":[{"taxonomy":"category","embeddable":true,"href":"https:\/\/www.cordobatimes.com\/showup\/wp-json\/wp\/v2\/categories?post=28669"},{"taxonomy":"post_tag","embeddable":true,"href":"https:\/\/www.cordobatimes.com\/showup\/wp-json\/wp\/v2\/tags?post=28669"}],"curies":[{"name":"wp","href":"https:\/\/api.w.org\/{rel}","templated":true}]}}