{"id":28658,"date":"2014-09-16T15:19:00","date_gmt":"2014-09-16T18:19:00","guid":{"rendered":"http:\/\/cordobatimes.com\/showup\/?p=28658"},"modified":"2020-01-28T18:57:53","modified_gmt":"2020-01-28T21:57:53","slug":"te-acordas-de-los-a-teens-mira-como-estan-hoy-fotos","status":"publish","type":"post","link":"https:\/\/www.cordobatimes.com\/showup\/curiosidades\/2014\/09\/16\/te-acordas-de-los-a-teens-mira-como-estan-hoy-fotos\/","title":{"rendered":"\u00bfTe acordas de los A Teens? Mir\u00e1 c\u00f3mo est\u00e1n hoy (Fotos)"},"content":{"rendered":"<h3 style=\"text-align: justify;\"><strong>A Teens fue un grupo pop sueco juvenil de Estocolmo, Suecia, que se form\u00f3 en 1998 y se separaron a finales de 2004.<\/strong><\/h3>\n<p style=\"text-align: justify;\">Cosecharon un gran \u00e9xito alrededor del mundo, pero tuvieron un inconveniente ya que debieron cambiar el nombre de la banda por el de A-Teens porque que Bj\u00f6rn Ulvaeus y Benny Andersson del grupo ABBA original- quienes no estaban muy contentos- forzaron a que se llamen de otra de otra manera.<\/p>\n<p style=\"text-align: justify;\">El grupo estaba conformado por Amit Paul, Dhani Lennevald, Marie Serneholt y Sara Lumholdt. Y gracias a las versiones pop \u2013y algo de electr\u00f3nica- de los grandes cl\u00e1sicos de ABBA como Mamma Mia, Super Trouper, Gimme! Gimme! Gimme! (a man after midnight) y Dancing Queen los llevaron a la cima.<\/p>\n<p style=\"text-align: justify;\">Editaron cinco discos lanzados entre 1999 y el 2004, siendo el \u00faltimo una compilaci\u00f3n de sus \u00e9xitos.Tuvieron varios a\u00f1os de un \u00e9xito indiscutible, pero poco a poco dejaron de hacer covers de ABBA para interpretar a temas de otras agrupaciones y no les fue nada mal; pero ya no era el suceso del principio que enamor\u00f3 a las nuevas generaciones y a las que hab\u00edan crecido con el grupo original. Pero al final comenzaron a hacer sus propios temas y all\u00ed se perdi\u00f3 un poco la magia.<\/p>\n<p style=\"text-align: justify;\">En el a\u00f1o 2004, A-Teens lanza un \u00e1lbum de Greatest Hits- que ha vendido hasta la fecha 500 mil unidades-, con el cual empiezan un break para lanzar proyectos en solitario. Desde entonces y actualmente, cada miembro se ha dedicado a diferentes proyectos individuales.<\/p>\n<p style=\"text-align: justify;\">El 15 de abril de 2006 fue confirmada oficialmente la separaci\u00f3n del grupo por la propia Marie Serneholt a trav\u00e9s de su sitio oficial de Internet en Suecia poco despu\u00e9s de estrenarse como solista, en dicho sitio declar\u00f3: \u00abLos A-Teens no son m\u00e1s que un recuerdo ahora, todos hemos empezado nuestros propios proyecto\u00bb.<\/p>\n<p style=\"text-align: justify;\">Mir\u00e1 c\u00f3mo est\u00e1n hoy en d\u00eda.<\/p>\n<p style=\"text-align: justify;\"><a href=\"http:\/\/cordobatimes.com\/showup\/wp-content\/uploads\/2014\/09\/a-teen-1.jpg\"><img loading=\"lazy\" decoding=\"async\" class=\"alignnone size-full wp-image-28832\" src=\"http:\/\/cordobatimes.com\/showup\/wp-content\/uploads\/2014\/09\/a-teen-1.jpg\" alt=\"a teen 1\" width=\"600\" height=\"384\" data-id=\"28832\" srcset=\"https:\/\/www.cordobatimes.com\/showup\/wp-content\/uploads\/2014\/09\/a-teen-1.jpg 600w, https:\/\/www.cordobatimes.com\/showup\/wp-content\/uploads\/2014\/09\/a-teen-1-300x192.jpg 300w, https:\/\/www.cordobatimes.com\/showup\/wp-content\/uploads\/2014\/09\/a-teen-1-85x54.jpg 85w\" sizes=\"auto, (max-width: 600px) 100vw, 600px\" \/><\/a><\/p>\n<p style=\"text-align: justify;\"><a href=\"http:\/\/cordobatimes.com\/showup\/wp-content\/uploads\/2014\/09\/a-teen-2.jpg\"><img loading=\"lazy\" decoding=\"async\" class=\"alignnone size-full wp-image-28833\" src=\"http:\/\/cordobatimes.com\/showup\/wp-content\/uploads\/2014\/09\/a-teen-2.jpg\" alt=\"a teen 2\" width=\"600\" height=\"388\" data-id=\"28833\" srcset=\"https:\/\/www.cordobatimes.com\/showup\/wp-content\/uploads\/2014\/09\/a-teen-2.jpg 600w, https:\/\/www.cordobatimes.com\/showup\/wp-content\/uploads\/2014\/09\/a-teen-2-300x194.jpg 300w, https:\/\/www.cordobatimes.com\/showup\/wp-content\/uploads\/2014\/09\/a-teen-2-85x54.jpg 85w\" sizes=\"auto, (max-width: 600px) 100vw, 600px\" \/><\/a><\/p>\n<p style=\"text-align: justify;\"><a href=\"http:\/\/cordobatimes.com\/showup\/wp-content\/uploads\/2014\/09\/a-teen-3.jpg\"><img loading=\"lazy\" decoding=\"async\" class=\"alignnone size-full wp-image-28834\" src=\"http:\/\/cordobatimes.com\/showup\/wp-content\/uploads\/2014\/09\/a-teen-3.jpg\" alt=\"a teen 3\" width=\"600\" height=\"370\" data-id=\"28834\" srcset=\"https:\/\/www.cordobatimes.com\/showup\/wp-content\/uploads\/2014\/09\/a-teen-3.jpg 600w, https:\/\/www.cordobatimes.com\/showup\/wp-content\/uploads\/2014\/09\/a-teen-3-300x185.jpg 300w\" sizes=\"auto, (max-width: 600px) 100vw, 600px\" \/><\/a><\/p>\n<p style=\"text-align: justify;\"><a href=\"http:\/\/cordobatimes.com\/showup\/wp-content\/uploads\/2014\/09\/a-teen.jpg\"><img loading=\"lazy\" decoding=\"async\" class=\"alignnone size-full wp-image-28835\" src=\"http:\/\/cordobatimes.com\/showup\/wp-content\/uploads\/2014\/09\/a-teen.jpg\" alt=\"a teen\" width=\"600\" height=\"382\" data-id=\"28835\" srcset=\"https:\/\/www.cordobatimes.com\/showup\/wp-content\/uploads\/2014\/09\/a-teen.jpg 600w, https:\/\/www.cordobatimes.com\/showup\/wp-content\/uploads\/2014\/09\/a-teen-300x191.jpg 300w, https:\/\/www.cordobatimes.com\/showup\/wp-content\/uploads\/2014\/09\/a-teen-85x54.jpg 85w\" sizes=\"auto, (max-width: 600px) 100vw, 600px\" \/><\/a><\/p>\n","protected":false},"excerpt":{"rendered":"<p>A Teens fue un grupo pop sueco juvenil de Estocolmo, Suecia, que se form\u00f3 en 1998 y se separaron a finales de 2004. Cosecharon un gran \u00e9xito alrededor del mundo, pero tuvieron un inconveniente ya que debieron cambiar el nombre de la banda por el de A-Teens porque que Bj\u00f6rn Ulvaeus y Benny Andersson del [&hellip;]<\/p>\n","protected":false},"author":9,"featured_media":28831,"comment_status":"closed","ping_status":"closed","sticky":false,"template":"","format":"standard","meta":{"_seopress_robots_primary_cat":"","_seopress_titles_title":"","_seopress_titles_desc":"","_seopress_robots_index":"","footnotes":""},"categories":[8],"tags":[28937,28938,9273],"class_list":{"0":"post-28658","1":"post","2":"type-post","3":"status-publish","4":"format-standard","5":"has-post-thumbnail","7":"category-curiosidades","8":"tag-a-teens-grupo-pop-sueco-juvenil-de-estocolmo-suecia","9":"tag-integrantes-del-grupo-a-teens","10":"tag-separacion-de-los-a-teens-en-2006"},"_links":{"self":[{"href":"https:\/\/www.cordobatimes.com\/showup\/wp-json\/wp\/v2\/posts\/28658","targetHints":{"allow":["GET"]}}],"collection":[{"href":"https:\/\/www.cordobatimes.com\/showup\/wp-json\/wp\/v2\/posts"}],"about":[{"href":"https:\/\/www.cordobatimes.com\/showup\/wp-json\/wp\/v2\/types\/post"}],"author":[{"embeddable":true,"href":"https:\/\/www.cordobatimes.com\/showup\/wp-json\/wp\/v2\/users\/9"}],"replies":[{"embeddable":true,"href":"https:\/\/www.cordobatimes.com\/showup\/wp-json\/wp\/v2\/comments?post=28658"}],"version-history":[{"count":0,"href":"https:\/\/www.cordobatimes.com\/showup\/wp-json\/wp\/v2\/posts\/28658\/revisions"}],"wp:featuredmedia":[{"embeddable":true,"href":"https:\/\/www.cordobatimes.com\/showup\/wp-json\/wp\/v2\/media\/28831"}],"wp:attachment":[{"href":"https:\/\/www.cordobatimes.com\/showup\/wp-json\/wp\/v2\/media?parent=28658"}],"wp:term":[{"taxonomy":"category","embeddable":true,"href":"https:\/\/www.cordobatimes.com\/showup\/wp-json\/wp\/v2\/categories?post=28658"},{"taxonomy":"post_tag","embeddable":true,"href":"https:\/\/www.cordobatimes.com\/showup\/wp-json\/wp\/v2\/tags?post=28658"}],"curies":[{"name":"wp","href":"https:\/\/api.w.org\/{rel}","templated":true}]}}