{"id":28654,"date":"2014-09-13T17:24:57","date_gmt":"2014-09-13T20:24:57","guid":{"rendered":"http:\/\/cordobatimes.com\/showup\/?p=28654"},"modified":"2020-01-29T13:53:25","modified_gmt":"2020-01-29T16:53:25","slug":"gustavo-cerati-comienza-la-disputa-por-la-herencia","status":"publish","type":"post","link":"https:\/\/www.cordobatimes.com\/showup\/famosos\/2014\/09\/13\/gustavo-cerati-comienza-la-disputa-por-la-herencia\/","title":{"rendered":"Gustavo Cerati, \u00bfcomienza la disputa por la herencia?"},"content":{"rendered":"<h3 style=\"text-align: justify;\"><strong>La lamentable muerte del reconocido m\u00fasico \u00a0empieza a traer sus da\u00f1os colaterales. <\/strong><\/h3>\n<p style=\"text-align: justify;\">A fines del a\u00f1o pasado, \u00a0el reclamo por alimentos de Cecilia Amen\u00e1bar, la madre de los hijos del cantante fue el inicio de la disputa, dado que sus bienes son administrados judicialmente desde que \u00e9l sufri\u00f3 el ACV que finalmente lo llev\u00f3 a la muerte.<\/p>\n<p style=\"text-align: justify;\">Ahora, Benito y Lisa, los hijos de Gustavo Cerati, recibir\u00e1n la gran herencia del m\u00fasico y tendr\u00e1n que administrar un cat\u00e1logo discogr\u00e1fico deseado por todos.<\/p>\n<p style=\"text-align: justify;\">Las ganancias por regal\u00edas, que siempre fueron millonarias, crecieron exponencialmente desde que el cantante entr\u00f3 en coma, seg\u00fan publica la revista Noticias.<\/p>\n<p style=\"text-align: justify;\">Con la muerte de Gustavo Cerati, Lisa y Benito tendr\u00e1n acceso a las liquidaciones de Sadaic por las canciones de su pap\u00e1, tanto en la etapa solista como las que compuso con Soda Stereo. La liquidaci\u00f3n de Sadaic para el primer cuatrimestre de este a\u00f1o es de 1,2 millones de pesos. En 2011, hab\u00eda sido de 555 mil.<\/p>\n<p style=\"text-align: justify;\">Adem\u00e1s de su casa en Vicente L\u00f3pez, tambi\u00e9n est\u00e1 Un\u00edsono, su estudio de grabaci\u00f3n de primera l\u00ednea en Florida. El valor de mercado actual de sus equipos de grabaci\u00f3n es de 1,7 millones de d\u00f3lares. Recordemos que, por ejemplo, la gira \u00abMe ver\u00e1s volver\u00bb de Soda en 2007 recaud\u00f3 32 millones de d\u00f3lares.<\/p>\n<p style=\"text-align: justify;\">Dada la corta edad de sus hijos: \u00bfqui\u00e9n va a administrar ese patrimonio? Laura, la hermana del m\u00fasico, fue la elegida por la familia y los hijos de Gustavo Cerati. \u00abEs como la socia de Gustavo, una virtual apoderada\u00bb aseguraron a la revista en el entorno familiar.<\/p>\n<p style=\"text-align: justify;\">\n","protected":false},"excerpt":{"rendered":"<p>La lamentable muerte del reconocido m\u00fasico \u00a0empieza a traer sus da\u00f1os colaterales. A fines del a\u00f1o pasado, \u00a0el reclamo por alimentos de Cecilia Amen\u00e1bar, la madre de los hijos del cantante fue el inicio de la disputa, dado que sus bienes son administrados judicialmente desde que \u00e9l sufri\u00f3 el ACV que finalmente lo llev\u00f3 a [&hellip;]<\/p>\n","protected":false},"author":9,"featured_media":28674,"comment_status":"closed","ping_status":"closed","sticky":false,"template":"","format":"standard","meta":{"_seopress_robots_primary_cat":"","_seopress_titles_title":"","_seopress_titles_desc":"","_seopress_robots_index":"","footnotes":""},"categories":[4],"tags":[9214,18899,28960],"class_list":{"0":"post-28654","1":"post","2":"type-post","3":"status-publish","4":"format-standard","5":"has-post-thumbnail","7":"category-famosos","8":"tag-herencia-de-gustavo-cerati","9":"tag-muerte-de-gustavo-cerati","10":"tag-pelea-por-la-herencia-de-gustavo-cerati"},"_links":{"self":[{"href":"https:\/\/www.cordobatimes.com\/showup\/wp-json\/wp\/v2\/posts\/28654","targetHints":{"allow":["GET"]}}],"collection":[{"href":"https:\/\/www.cordobatimes.com\/showup\/wp-json\/wp\/v2\/posts"}],"about":[{"href":"https:\/\/www.cordobatimes.com\/showup\/wp-json\/wp\/v2\/types\/post"}],"author":[{"embeddable":true,"href":"https:\/\/www.cordobatimes.com\/showup\/wp-json\/wp\/v2\/users\/9"}],"replies":[{"embeddable":true,"href":"https:\/\/www.cordobatimes.com\/showup\/wp-json\/wp\/v2\/comments?post=28654"}],"version-history":[{"count":0,"href":"https:\/\/www.cordobatimes.com\/showup\/wp-json\/wp\/v2\/posts\/28654\/revisions"}],"wp:featuredmedia":[{"embeddable":true,"href":"https:\/\/www.cordobatimes.com\/showup\/wp-json\/wp\/v2\/media\/28674"}],"wp:attachment":[{"href":"https:\/\/www.cordobatimes.com\/showup\/wp-json\/wp\/v2\/media?parent=28654"}],"wp:term":[{"taxonomy":"category","embeddable":true,"href":"https:\/\/www.cordobatimes.com\/showup\/wp-json\/wp\/v2\/categories?post=28654"},{"taxonomy":"post_tag","embeddable":true,"href":"https:\/\/www.cordobatimes.com\/showup\/wp-json\/wp\/v2\/tags?post=28654"}],"curies":[{"name":"wp","href":"https:\/\/api.w.org\/{rel}","templated":true}]}}