{"id":28645,"date":"2014-09-13T17:38:40","date_gmt":"2014-09-13T20:38:40","guid":{"rendered":"http:\/\/cordobatimes.com\/showup\/?p=28645"},"modified":"2020-01-29T13:48:09","modified_gmt":"2020-01-29T16:48:09","slug":"backstreet-boys-viste-como-estan-hoy-fotos","status":"publish","type":"post","link":"https:\/\/www.cordobatimes.com\/showup\/curiosidades\/2014\/09\/13\/backstreet-boys-viste-como-estan-hoy-fotos\/","title":{"rendered":"Backstreet Boys \u00bfviste c\u00f3mo est\u00e1n hoy? (Fotos)"},"content":{"rendered":"<h3 style=\"text-align: justify;\"><strong>El conjunto musical fueron furor en la d\u00e9cada del 90, pero&#8230; \u00bfc\u00f3mo se ven actualmente?<\/strong><\/h3>\n<p style=\"text-align: justify;\">Con una larga carrera en la m\u00fasica, as\u00ed se ven hoy los integrantes de la banda teen m\u00e1s querida.<\/p>\n<p style=\"text-align: justify;\">Brian, Kevin, Nick, Howie D. y A.J crecieron como es normal y nosotros te mostramos la metamorfosis de los j\u00f3venes que recolectaron m\u00e1s de un suspiro en sus fan\u00e1ticas a\u00f1os atr\u00e1s.<\/p>\n<p style=\"text-align: justify;\">No te pierdas las im\u00e1genes.<\/p>\n<p style=\"text-align: justify;\"><a href=\"http:\/\/cordobatimes.com\/showup\/wp-content\/uploads\/2014\/09\/aj.jpg\"><img loading=\"lazy\" decoding=\"async\" class=\"alignnone size-full wp-image-28680\" src=\"http:\/\/cordobatimes.com\/showup\/wp-content\/uploads\/2014\/09\/aj.jpg\" alt=\"aj\" width=\"600\" height=\"289\" data-id=\"28680\" srcset=\"https:\/\/www.cordobatimes.com\/showup\/wp-content\/uploads\/2014\/09\/aj.jpg 600w, https:\/\/www.cordobatimes.com\/showup\/wp-content\/uploads\/2014\/09\/aj-300x144.jpg 300w\" sizes=\"auto, (max-width: 600px) 100vw, 600px\" \/><\/a><\/p>\n<p style=\"text-align: justify;\"><a href=\"http:\/\/cordobatimes.com\/showup\/wp-content\/uploads\/2014\/09\/brian.jpg\"><img loading=\"lazy\" decoding=\"async\" class=\"alignnone size-full wp-image-28681\" src=\"http:\/\/cordobatimes.com\/showup\/wp-content\/uploads\/2014\/09\/brian.jpg\" alt=\"brian\" width=\"600\" height=\"289\" data-id=\"28681\" srcset=\"https:\/\/www.cordobatimes.com\/showup\/wp-content\/uploads\/2014\/09\/brian.jpg 600w, https:\/\/www.cordobatimes.com\/showup\/wp-content\/uploads\/2014\/09\/brian-300x144.jpg 300w\" sizes=\"auto, (max-width: 600px) 100vw, 600px\" \/><\/a><\/p>\n<p style=\"text-align: justify;\"><a href=\"http:\/\/cordobatimes.com\/showup\/wp-content\/uploads\/2014\/09\/howie.jpg\"><img loading=\"lazy\" decoding=\"async\" class=\"alignnone size-full wp-image-28682\" src=\"http:\/\/cordobatimes.com\/showup\/wp-content\/uploads\/2014\/09\/howie.jpg\" alt=\"howie\" width=\"600\" height=\"289\" data-id=\"28682\" srcset=\"https:\/\/www.cordobatimes.com\/showup\/wp-content\/uploads\/2014\/09\/howie.jpg 600w, https:\/\/www.cordobatimes.com\/showup\/wp-content\/uploads\/2014\/09\/howie-300x144.jpg 300w\" sizes=\"auto, (max-width: 600px) 100vw, 600px\" \/><\/a><\/p>\n<p style=\"text-align: justify;\"><a href=\"http:\/\/cordobatimes.com\/showup\/wp-content\/uploads\/2014\/09\/kevin.jpg\"><img loading=\"lazy\" decoding=\"async\" class=\"alignnone size-full wp-image-28683\" src=\"http:\/\/cordobatimes.com\/showup\/wp-content\/uploads\/2014\/09\/kevin.jpg\" alt=\"kevin\" width=\"600\" height=\"289\" data-id=\"28683\" srcset=\"https:\/\/www.cordobatimes.com\/showup\/wp-content\/uploads\/2014\/09\/kevin.jpg 600w, https:\/\/www.cordobatimes.com\/showup\/wp-content\/uploads\/2014\/09\/kevin-300x144.jpg 300w\" sizes=\"auto, (max-width: 600px) 100vw, 600px\" \/><\/a><\/p>\n<p style=\"text-align: justify;\"><a href=\"http:\/\/cordobatimes.com\/showup\/wp-content\/uploads\/2014\/09\/nick.jpg\"><img loading=\"lazy\" decoding=\"async\" class=\"alignnone size-full wp-image-28684\" src=\"http:\/\/cordobatimes.com\/showup\/wp-content\/uploads\/2014\/09\/nick.jpg\" alt=\"nick\" width=\"600\" height=\"289\" data-id=\"28684\" srcset=\"https:\/\/www.cordobatimes.com\/showup\/wp-content\/uploads\/2014\/09\/nick.jpg 600w, https:\/\/www.cordobatimes.com\/showup\/wp-content\/uploads\/2014\/09\/nick-300x144.jpg 300w\" sizes=\"auto, (max-width: 600px) 100vw, 600px\" \/><\/a><\/p>\n","protected":false},"excerpt":{"rendered":"<p>El conjunto musical fueron furor en la d\u00e9cada del 90, pero&#8230; \u00bfc\u00f3mo se ven actualmente? Con una larga carrera en la m\u00fasica, as\u00ed se ven hoy los integrantes de la banda teen m\u00e1s querida. Brian, Kevin, Nick, Howie D. y A.J crecieron como es normal y nosotros te mostramos la metamorfosis de los j\u00f3venes que [&hellip;]<\/p>\n","protected":false},"author":9,"featured_media":28686,"comment_status":"closed","ping_status":"closed","sticky":false,"template":"","format":"standard","meta":{"_seopress_robots_primary_cat":"","_seopress_titles_title":"","_seopress_titles_desc":"","_seopress_robots_index":"","footnotes":""},"categories":[8],"tags":[9215],"class_list":{"0":"post-28645","1":"post","2":"type-post","3":"status-publish","4":"format-standard","5":"has-post-thumbnail","7":"category-curiosidades","8":"tag-como-estan-los-backstreet-boys-hoy"},"_links":{"self":[{"href":"https:\/\/www.cordobatimes.com\/showup\/wp-json\/wp\/v2\/posts\/28645","targetHints":{"allow":["GET"]}}],"collection":[{"href":"https:\/\/www.cordobatimes.com\/showup\/wp-json\/wp\/v2\/posts"}],"about":[{"href":"https:\/\/www.cordobatimes.com\/showup\/wp-json\/wp\/v2\/types\/post"}],"author":[{"embeddable":true,"href":"https:\/\/www.cordobatimes.com\/showup\/wp-json\/wp\/v2\/users\/9"}],"replies":[{"embeddable":true,"href":"https:\/\/www.cordobatimes.com\/showup\/wp-json\/wp\/v2\/comments?post=28645"}],"version-history":[{"count":0,"href":"https:\/\/www.cordobatimes.com\/showup\/wp-json\/wp\/v2\/posts\/28645\/revisions"}],"wp:featuredmedia":[{"embeddable":true,"href":"https:\/\/www.cordobatimes.com\/showup\/wp-json\/wp\/v2\/media\/28686"}],"wp:attachment":[{"href":"https:\/\/www.cordobatimes.com\/showup\/wp-json\/wp\/v2\/media?parent=28645"}],"wp:term":[{"taxonomy":"category","embeddable":true,"href":"https:\/\/www.cordobatimes.com\/showup\/wp-json\/wp\/v2\/categories?post=28645"},{"taxonomy":"post_tag","embeddable":true,"href":"https:\/\/www.cordobatimes.com\/showup\/wp-json\/wp\/v2\/tags?post=28645"}],"curies":[{"name":"wp","href":"https:\/\/api.w.org\/{rel}","templated":true}]}}