{"id":28621,"date":"2014-09-12T09:34:58","date_gmt":"2014-09-12T12:34:58","guid":{"rendered":"http:\/\/cordobatimes.com\/showup\/?p=28621"},"modified":"2020-01-29T16:45:41","modified_gmt":"2020-01-29T19:45:41","slug":"una-multitud-disfruto-del-show-de-ricardo-arjona-en-el-kempes","status":"publish","type":"post","link":"https:\/\/www.cordobatimes.com\/showup\/musica\/2014\/09\/12\/una-multitud-disfruto-del-show-de-ricardo-arjona-en-el-kempes\/","title":{"rendered":"Una multitud disfrut\u00f3 del show de Ricardo Arjona en el kempes"},"content":{"rendered":"<h3><strong style=\"text-align: justify;\">Pasadas las 22 de ayer, el cantante guatemalteco deleit\u00f3 a sus fan\u00e1ticas con temas de su nuevo disco \u201cViaje\u201d y repas\u00f3 los grandes \u00e9xitos de su carrera.<\/strong><\/h3>\n<p>&nbsp;<\/p>\n<p style=\"text-align: justify;\">Montado en lo que parec\u00eda una bicicleta antigua, y haciendo frente a toda una ola de gritos, llantos y exclamaciones, cuando\u00a0Ricardo Arjona\u00a0hizo su ingreso triunfal en el escenario.<\/p>\n<p style=\"text-align: justify;\">El escenario de dos niveles simulaba ser una estaci\u00f3n de trenes, con bancos y valijas como ornamentos. A esa estaci\u00f3n lleg\u00f3 \u00e9l, pasadas las 22, para dar inicio al viaje que lo ten\u00eda al guatemalteco en sus dos roles: como pasajero y a la vez como conductor.<\/p>\n<p style=\"text-align: justify;\"><strong>A la luna en bicicleta<\/strong>\u00a0fue el tema elegido para el inicio del show, y luego siguieron otras canciones de\u00a0<strong>Viaje<\/strong>, \u00faltimo disco de Arjona.\u00a0<strong>Invertebrado<\/strong>,<strong>\u00a0Piel pecado<\/strong>,<strong>Cavern\u00edcolas<\/strong>,\u00a0<strong>Apnea<\/strong>\u00a0y\u00a0<strong>Lo poco que tengo<\/strong>\u00a0fueron algunas.<\/p>\n<p style=\"text-align: justify;\">\u201cSin pasaportes, sin visa, sin aeropuerto, s\u00f3lo con un poquito de imaginaci\u00f3n usted puede ir a tantas partes\u201d, recit\u00f3 antes de cantar\u00a0<strong>Viaje<\/strong>.<\/p>\n<p style=\"text-align: justify;\">En el repertorio tampoco faltaron esos cl\u00e1sicos que podr\u00eda reconocer hasta quien jam\u00e1s compr\u00f3 un disco del artista:\u00a0<strong>Historia de taxi<\/strong>,\u00a0<strong>Mujeres<\/strong>,\u00a0<strong>Se\u00f1ora de las cuatro d\u00e9cadas<\/strong>,\u00a0<strong>Desnuda<\/strong>,\u00a0<strong>Dime que no<\/strong>. Entre recuerdos y emociones, el p\u00fablico cant\u00f3, a todo pulm\u00f3n, cada una de aquellas letras.<\/p>\n<p style=\"text-align: justify;\">La escenograf\u00eda y el montaje se realiz\u00f3 con gran dinamismo y despliegue. El manejo de luces, las im\u00e1genes emitidas en las pantallas (entre las que se distingu\u00eda a J\u00e9sica Cirio en el videoclip Piel pecado y a Sof\u00eda Z\u00e1molo en Apnea), mas los elementos que adornaban cada canci\u00f3n ofreci\u00f3 un buen marco teatral y entretenido.<\/p>\n<p style=\"text-align: justify;\">Antes de las 23, Arjona se detuvo a leer los carteles que se levantaban y de manera imprevista subi\u00f3 a la afortunada Andrea del p\u00fablico mientras cantaba\u00a0<strong>Se\u00f1ora de las cuatro d\u00e9cadas<\/strong>.<\/p>\n<p style=\"text-align: justify;\">\u201cEs por un asunto del clima. El fr\u00edo me pone peligroso, medio atrevido. Adem\u00e1s no hay mucho espacio en el escenario cuando canto esta canci\u00f3n, as\u00ed que me tendr\u00e9 que sentar y hacerla subir a mis piernas\u201d, aleg\u00f3 el m\u00fasico, para convertir a Andrea en la persona m\u00e1s envidiada de la velada.<\/p>\n<p style=\"text-align: justify;\">Despu\u00e9s de deleitar al p\u00fablico con un repertorio inspirado en el amor y en las peque\u00f1as cosas de la vida, Ricardo Arjona se despidi\u00f3 de \u201cLa Docta\u201d con ganas de volver. Con ganas de otro viaje.<\/p>\n<p>&nbsp;<\/p>\n<div id=\"fb-root\"><\/div>\n<p><script type=\"text\/javascript\">\/\/ <![CDATA[ (function(d, s, id) { var js, fjs = d.getElementsByTagName(s)[0]; if (d.getElementById(id)) return; js = d.createElement(s); js.id = id; js.src = \"\/\/connect.facebook.net\/es_ES\/all.js#xfbml=1\"; fjs.parentNode.insertBefore(js, fjs); }(document, 'script', 'facebook-jssdk')); \/\/ ]]><\/script><\/p>\n<div class=\"fb-post\" data-href=\"https:\/\/www.facebook.com\/media\/set\/?set=a.798144900206778.1073741881.268939223127351&amp;type=1\" data-width=\"466\">\n<div class=\"fb-xfbml-parse-ignore\"><a href=\"https:\/\/www.facebook.com\/media\/set\/?set=a.798144900206778.1073741881.268939223127351&amp;type=1\">una publicaci\u00f3n<\/a> de <a href=\"https:\/\/www.facebook.com\/EnVivoMusica\">EN VIVO<\/a>.<\/div>\n<\/div>\n<blockquote class=\"twitter-tweet\" lang=\"es\"><p>Gracias C\u00f3rdoba. Hasta siempre.<\/p>\n<p>\u2014 Ricardo Arjona \u00ae (@Ricardo_Arjona) <a href=\"https:\/\/twitter.com\/Ricardo_Arjona\/status\/510310839728226304\">septiembre 12, 2014<\/a><\/p><\/blockquote>\n<p>&nbsp;<\/p>\n<blockquote class=\"twitter-tweet\" lang=\"es\"><p>Que lo sepa el se\u00f1or de los choripanes que est\u00e1 fuera del estadio en Cordoba. Que llevo tres y que est\u00e1n tremendos <a href=\"http:\/\/t.co\/q5HLFloEp1\">pic.twitter.com\/q5HLFloEp1<\/a><\/p>\n<p>\u2014 Ricardo Arjona \u00ae (@Ricardo_Arjona) <a href=\"https:\/\/twitter.com\/Ricardo_Arjona\/status\/510224242873757696\">septiembre 12, 2014<\/a><\/p><\/blockquote>\n<p><strong>\u00a0Fotos:<\/strong> Gentileza de <a href=\"https:\/\/www.facebook.com\/EnVivoMusica?fref=photo\" target=\"_blank\" rel=\"noopener noreferrer\">En Vivo Producciones\u00a0<\/a><\/p>\n","protected":false},"excerpt":{"rendered":"<p>Pasadas las 22 de ayer, el cantante guatemalteco deleit\u00f3 a sus fan\u00e1ticas con temas de su nuevo disco \u201cViaje\u201d y repas\u00f3 los grandes \u00e9xitos de su carrera. &nbsp; Montado en lo que parec\u00eda una bicicleta antigua, y haciendo frente a toda una ola de gritos, llantos y exclamaciones, cuando\u00a0Ricardo Arjona\u00a0hizo su ingreso triunfal en el [&hellip;]<\/p>\n","protected":false},"author":1,"featured_media":28623,"comment_status":"closed","ping_status":"closed","sticky":false,"template":"","format":"standard","meta":{"_seopress_robots_primary_cat":"","_seopress_titles_title":"","_seopress_titles_desc":"","_seopress_robots_index":"","footnotes":""},"categories":[5],"tags":[6477,28968],"class_list":{"0":"post-28621","1":"post","2":"type-post","3":"status-publish","4":"format-standard","5":"has-post-thumbnail","7":"category-musica","8":"tag-ricardo-arjona-en-cordoba","9":"tag-ricardo-arjona-en-el-kempes"},"_links":{"self":[{"href":"https:\/\/www.cordobatimes.com\/showup\/wp-json\/wp\/v2\/posts\/28621","targetHints":{"allow":["GET"]}}],"collection":[{"href":"https:\/\/www.cordobatimes.com\/showup\/wp-json\/wp\/v2\/posts"}],"about":[{"href":"https:\/\/www.cordobatimes.com\/showup\/wp-json\/wp\/v2\/types\/post"}],"author":[{"embeddable":true,"href":"https:\/\/www.cordobatimes.com\/showup\/wp-json\/wp\/v2\/users\/1"}],"replies":[{"embeddable":true,"href":"https:\/\/www.cordobatimes.com\/showup\/wp-json\/wp\/v2\/comments?post=28621"}],"version-history":[{"count":0,"href":"https:\/\/www.cordobatimes.com\/showup\/wp-json\/wp\/v2\/posts\/28621\/revisions"}],"wp:featuredmedia":[{"embeddable":true,"href":"https:\/\/www.cordobatimes.com\/showup\/wp-json\/wp\/v2\/media\/28623"}],"wp:attachment":[{"href":"https:\/\/www.cordobatimes.com\/showup\/wp-json\/wp\/v2\/media?parent=28621"}],"wp:term":[{"taxonomy":"category","embeddable":true,"href":"https:\/\/www.cordobatimes.com\/showup\/wp-json\/wp\/v2\/categories?post=28621"},{"taxonomy":"post_tag","embeddable":true,"href":"https:\/\/www.cordobatimes.com\/showup\/wp-json\/wp\/v2\/tags?post=28621"}],"curies":[{"name":"wp","href":"https:\/\/api.w.org\/{rel}","templated":true}]}}