{"id":28557,"date":"2014-09-10T12:41:38","date_gmt":"2014-09-10T15:41:38","guid":{"rendered":"http:\/\/cordobatimes.com\/showup\/?p=28557"},"modified":"2020-01-29T17:52:23","modified_gmt":"2020-01-29T20:52:23","slug":"confirmado-natalia-oreiro-sera-gilda","status":"publish","type":"post","link":"https:\/\/www.cordobatimes.com\/showup\/cine-y-series\/2014\/09\/10\/confirmado-natalia-oreiro-sera-gilda\/","title":{"rendered":"Confirmado: Natalia Oreiro ser\u00e1 Gilda"},"content":{"rendered":"<h3 style=\"text-align: justify;\"><strong>La reconocida actriz llevar\u00e1 a la pantalla grande una biopic sobre la vida de la cantante m\u00e1s querida de la bailanta. <\/strong><\/h3>\n<p style=\"text-align: justify;\">El film fue anunciado ayer en una conferencia de prensa y comenzar\u00e1 a rodarse en breve, con fecha de estreno prevista para 2016. El proyecto est\u00e1 en carpeta desde hace m\u00e1s de siete a\u00f1os, pero finalmente consiguieron los derechos para su realizaci\u00f3n, y la uruguaya ser\u00e1 una de las productoras.<\/p>\n<p style=\"text-align: justify;\">\u201cPor primera vez voy a producir algo.Es algo tan personal interpretar a Gilda en el cine, que cuando me lo propusieron, a m\u00ed me dio miedo. \u00a1Mir\u00e1 que soy lanzada! Justamente, por el enorme respeto, les dije que lo iba a pensar. Y me llev\u00f3 un tiempo. Dije que s\u00ed, porque creo que estoy capacitada para hacerlo, porque es algo que yo siempre quise hacer\u201d, coment\u00f3 Oreiro en la conferencia de prensa.<\/p>\n<p style=\"text-align: justify;\">El film \u201cGilda, no me arrepiento de este amor\u201d ser\u00e1 dirigido por Laura Mu\u00f1oz y producido por Habitaci\u00f3n 1520, de Mu\u00f1oz, Benjam\u00edn \u00c1vila y Maximiliano Dubois.<\/p>\n<p style=\"text-align: justify;\">\u201cHace mucho que tengo el deseo de interpretar a Gilda, por una profunda admiraci\u00f3n a su carrera en un ambiente quiz\u00e1s m\u00e1s masculino, hasta que ella irrumpe\u201d, explic\u00f3 Oreiro.<\/p>\n<p style=\"text-align: justify;\">\u201cQueremos contar lo que la gente no conoce; porque todos cantamos sus canciones. Se canta en la cancha, lo versionaron m\u00fasicos de rock. Se convirti\u00f3 en un \u00edcono popular tan fuerte; pero no se conoce qui\u00e9n era\u201d, agreg\u00f3. \u201cMi gran desaf\u00edo no es s\u00f3lo en lo musical. A medida que uno conoce su historia, se va emocionando. De alguna manera, uno la engrandece. Dedic\u00e1ndome yo a la m\u00fasica, es un desaf\u00edo doble porque tengo que correrme de mi carrera musical. Las versiones de temas que voy a hacer para la pel\u00edcula van a ser yo, interpret\u00e1ndola a ella. Ah\u00ed tengo que construir algo muy delicado, algo que ya tiene una impronta personal\u201c, cerr\u00f3 la morocha.<\/p>\n<p style=\"text-align: justify;\">M\u00edriam Alejandra Bianchi, tal el nombre verdadero de Gilda, fue una cantante y compositora argentina de cumbia y m\u00fasica tropical. Entre sus canciones m\u00e1s conocidas, que han sido versionadas por artistas como Attaque 77, Los Charros y Leo Garc\u00eda, est\u00e1n \u201cFuiste\u201d, \u201cNo me arrepiento de este amor\u201d, \u201cNo es mi despedida\u201d, \u201cCoraz\u00f3n valiente\u201d y \u201cComo t\u00fa\u201d.<\/p>\n<p style=\"text-align: justify;\">Foto: Telam<\/p>\n","protected":false},"excerpt":{"rendered":"<p>La reconocida actriz llevar\u00e1 a la pantalla grande una biopic sobre la vida de la cantante m\u00e1s querida de la bailanta. El film fue anunciado ayer en una conferencia de prensa y comenzar\u00e1 a rodarse en breve, con fecha de estreno prevista para 2016. El proyecto est\u00e1 en carpeta desde hace m\u00e1s de siete a\u00f1os, [&hellip;]<\/p>\n","protected":false},"author":9,"featured_media":28558,"comment_status":"closed","ping_status":"closed","sticky":false,"template":"","format":"standard","meta":{"_seopress_robots_primary_cat":"","_seopress_titles_title":"","_seopress_titles_desc":"","_seopress_robots_index":"","footnotes":""},"categories":[3],"tags":[15891,28601,28983],"class_list":{"0":"post-28557","1":"post","2":"type-post","3":"status-publish","4":"format-standard","5":"has-post-thumbnail","7":"category-cine-y-series","8":"tag-gilda-no-me-arrepiento-de-este-amor","9":"tag-natalia-oreiro-gilda","10":"tag-natalia-oreiro-sera-gilda"},"_links":{"self":[{"href":"https:\/\/www.cordobatimes.com\/showup\/wp-json\/wp\/v2\/posts\/28557","targetHints":{"allow":["GET"]}}],"collection":[{"href":"https:\/\/www.cordobatimes.com\/showup\/wp-json\/wp\/v2\/posts"}],"about":[{"href":"https:\/\/www.cordobatimes.com\/showup\/wp-json\/wp\/v2\/types\/post"}],"author":[{"embeddable":true,"href":"https:\/\/www.cordobatimes.com\/showup\/wp-json\/wp\/v2\/users\/9"}],"replies":[{"embeddable":true,"href":"https:\/\/www.cordobatimes.com\/showup\/wp-json\/wp\/v2\/comments?post=28557"}],"version-history":[{"count":0,"href":"https:\/\/www.cordobatimes.com\/showup\/wp-json\/wp\/v2\/posts\/28557\/revisions"}],"wp:featuredmedia":[{"embeddable":true,"href":"https:\/\/www.cordobatimes.com\/showup\/wp-json\/wp\/v2\/media\/28558"}],"wp:attachment":[{"href":"https:\/\/www.cordobatimes.com\/showup\/wp-json\/wp\/v2\/media?parent=28557"}],"wp:term":[{"taxonomy":"category","embeddable":true,"href":"https:\/\/www.cordobatimes.com\/showup\/wp-json\/wp\/v2\/categories?post=28557"},{"taxonomy":"post_tag","embeddable":true,"href":"https:\/\/www.cordobatimes.com\/showup\/wp-json\/wp\/v2\/tags?post=28557"}],"curies":[{"name":"wp","href":"https:\/\/api.w.org\/{rel}","templated":true}]}}