{"id":28555,"date":"2014-09-11T19:00:12","date_gmt":"2014-09-11T22:00:12","guid":{"rendered":"http:\/\/cordobatimes.com\/showup\/?p=28555"},"modified":"2020-01-29T17:18:16","modified_gmt":"2020-01-29T20:18:16","slug":"mira-como-esta-la-nena-de-la-huerfana","status":"publish","type":"post","link":"https:\/\/www.cordobatimes.com\/showup\/curiosidades\/2014\/09\/11\/mira-como-esta-la-nena-de-la-huerfana\/","title":{"rendered":"Mir\u00e1 c\u00f3mo est\u00e1 la nena de \u00abLa hu\u00e9rfana\u00bb (Fotos)"},"content":{"rendered":"<h3 style=\"text-align: justify;\"><strong>Sin ninguna duda, \u00e9sta es una de las pel\u00edculas de terror mejor recibidas en la actualidad. <\/strong><\/h3>\n<p style=\"text-align: justify;\">Tras estrenarla en 2009 muchos cre\u00edmos que su protagonista- al igual que muchos de los actores infantiles de terror- dejar\u00eda de brillar, pero \u00e9se no ha sido el caso.<\/p>\n<p style=\"text-align: justify;\">Isabelle Fuhrman ha continuado su carrera cinematogr\u00e1fica, convirti\u00e9ndose en uno de los personajes m\u00e1s recordados y odiados de la primera entrega de la importante saga \u00abLos Juegos del Hambre, Clove\u00bb.<\/p>\n<p style=\"text-align: justify;\">Isabelle ha tenido muchos sorprendentes cambios de su carrera que va en ascenso y as\u00ed luce hoy, cinco a\u00f1os despu\u00e9s de que su rostro fuera conocido mundialmente.<\/p>\n<p style=\"text-align: justify;\"><a href=\"http:\/\/cordobatimes.com\/showup\/wp-content\/uploads\/2014\/09\/isabelle-2.jpg\"><img loading=\"lazy\" decoding=\"async\" class=\"alignnone wp-image-28597\" src=\"http:\/\/cordobatimes.com\/showup\/wp-content\/uploads\/2014\/09\/isabelle-2.jpg\" alt=\"isabelle 2\" width=\"600\" height=\"600\" data-id=\"28597\" \/><\/a><\/p>\n<p style=\"text-align: justify;\"><a href=\"http:\/\/cordobatimes.com\/showup\/wp-content\/uploads\/2014\/09\/isabelle.jpg\"><img loading=\"lazy\" decoding=\"async\" class=\"alignnone wp-image-28598\" src=\"http:\/\/cordobatimes.com\/showup\/wp-content\/uploads\/2014\/09\/isabelle.jpg\" alt=\"isabelle\" width=\"600\" height=\"380\" data-id=\"28598\" \/><\/a><\/p>\n<p style=\"text-align: justify;\"><a href=\"http:\/\/cordobatimes.com\/showup\/wp-content\/uploads\/2014\/09\/isabelle-3.jpg\"><img loading=\"lazy\" decoding=\"async\" class=\"alignnone wp-image-28599\" src=\"http:\/\/cordobatimes.com\/showup\/wp-content\/uploads\/2014\/09\/isabelle-3.jpg\" alt=\"isabelle 3\" width=\"600\" height=\"900\" data-id=\"28599\" srcset=\"https:\/\/www.cordobatimes.com\/showup\/wp-content\/uploads\/2014\/09\/isabelle-3.jpg 580w, https:\/\/www.cordobatimes.com\/showup\/wp-content\/uploads\/2014\/09\/isabelle-3-200x300.jpg 200w, https:\/\/www.cordobatimes.com\/showup\/wp-content\/uploads\/2014\/09\/isabelle-3-400x600.jpg 400w\" sizes=\"auto, (max-width: 600px) 100vw, 600px\" \/><\/a><\/p>\n","protected":false},"excerpt":{"rendered":"<p>Sin ninguna duda, \u00e9sta es una de las pel\u00edculas de terror mejor recibidas en la actualidad. Tras estrenarla en 2009 muchos cre\u00edmos que su protagonista- al igual que muchos de los actores infantiles de terror- dejar\u00eda de brillar, pero \u00e9se no ha sido el caso. Isabelle Fuhrman ha continuado su carrera cinematogr\u00e1fica, convirti\u00e9ndose en uno [&hellip;]<\/p>\n","protected":false},"author":9,"featured_media":28596,"comment_status":"closed","ping_status":"closed","sticky":false,"template":"","format":"standard","meta":{"_seopress_robots_primary_cat":"","_seopress_titles_title":"","_seopress_titles_desc":"","_seopress_robots_index":"","footnotes":""},"categories":[8],"tags":[28976,28975,28974,28973],"class_list":{"0":"post-28555","1":"post","2":"type-post","3":"status-publish","4":"format-standard","5":"has-post-thumbnail","7":"category-curiosidades","8":"tag-isabelle-fuhrman-clove","9":"tag-isabelle-fuhrman-los-juegos-del-hambre","10":"tag-isabelle-fuhrman-nena-de-la-huerfana","11":"tag-nena-de-la-huerfana"},"_links":{"self":[{"href":"https:\/\/www.cordobatimes.com\/showup\/wp-json\/wp\/v2\/posts\/28555","targetHints":{"allow":["GET"]}}],"collection":[{"href":"https:\/\/www.cordobatimes.com\/showup\/wp-json\/wp\/v2\/posts"}],"about":[{"href":"https:\/\/www.cordobatimes.com\/showup\/wp-json\/wp\/v2\/types\/post"}],"author":[{"embeddable":true,"href":"https:\/\/www.cordobatimes.com\/showup\/wp-json\/wp\/v2\/users\/9"}],"replies":[{"embeddable":true,"href":"https:\/\/www.cordobatimes.com\/showup\/wp-json\/wp\/v2\/comments?post=28555"}],"version-history":[{"count":0,"href":"https:\/\/www.cordobatimes.com\/showup\/wp-json\/wp\/v2\/posts\/28555\/revisions"}],"wp:featuredmedia":[{"embeddable":true,"href":"https:\/\/www.cordobatimes.com\/showup\/wp-json\/wp\/v2\/media\/28596"}],"wp:attachment":[{"href":"https:\/\/www.cordobatimes.com\/showup\/wp-json\/wp\/v2\/media?parent=28555"}],"wp:term":[{"taxonomy":"category","embeddable":true,"href":"https:\/\/www.cordobatimes.com\/showup\/wp-json\/wp\/v2\/categories?post=28555"},{"taxonomy":"post_tag","embeddable":true,"href":"https:\/\/www.cordobatimes.com\/showup\/wp-json\/wp\/v2\/tags?post=28555"}],"curies":[{"name":"wp","href":"https:\/\/api.w.org\/{rel}","templated":true}]}}