{"id":28551,"date":"2014-09-11T19:07:22","date_gmt":"2014-09-11T22:07:22","guid":{"rendered":"http:\/\/cordobatimes.com\/showup\/?p=28551"},"modified":"2020-01-29T17:07:28","modified_gmt":"2020-01-29T20:07:28","slug":"paris-hilton-publico-una-foto-y-causo-polemica","status":"publish","type":"post","link":"https:\/\/www.cordobatimes.com\/showup\/famosos\/2014\/09\/11\/paris-hilton-publico-una-foto-y-causo-polemica\/","title":{"rendered":"Paris Hilton public\u00f3 una foto y caus\u00f3 pol\u00e9mica"},"content":{"rendered":"<h3 style=\"text-align: justify;\"><strong>La medi\u00e1tica comparti\u00f3 una sexy fotograf\u00eda en la que luce un diminuto bikini que deja ver sus curvas. Sin embargo, m\u00e1s que alabar \u00a0su torneado cuerpo, Hilton recibi\u00f3 un sin fin de cr\u00edticas por su extrema delgadez.\u00a0<\/strong><\/h3>\n<p style=\"text-align: justify;\">Distintos sitios estadounidenses advirtieron que la pol\u00e9mica rubia est\u00e1 muy delgada e incluso llegaron a hablar de que Paris podr\u00eda padecer anorexia, aunque muchos otros aseguraron que s\u00f3lo se trata de una intervenci\u00f3n m\u00e1s del photoshop.<\/p>\n<p style=\"text-align: justify;\">\u00abLo mejor que pude hace fue decidir que no pod\u00eda darle un carajo de importancia a las opiniones o conceptos errados que tienen los dem\u00e1s sobre mi\u00bb, respondi\u00f3 Paris Hilton a los usuarios de Instagram que la criticaron.<\/p>\n<p style=\"text-align: justify;\">Cabe destacar que esta no es la primera vez que una fotograf\u00eda de, la tambi\u00e9n empresaria, es retocada para hacerla ver m\u00e1s estilizada.<\/p>\n<p style=\"text-align: justify;\">Te dejamos la imagen de la pol\u00e9mica, a vos, \u00bfqu\u00e9 te parece?<\/p>\n<p style=\"text-align: justify;\"><a href=\"http:\/\/cordobatimes.com\/showup\/wp-content\/uploads\/2014\/09\/paris.jpg\"><img loading=\"lazy\" decoding=\"async\" class=\"alignnone wp-image-28602\" src=\"http:\/\/cordobatimes.com\/showup\/wp-content\/uploads\/2014\/09\/paris.jpg\" alt=\"paris\" width=\"600\" height=\"585\" data-id=\"28602\" \/><\/a><\/p>\n","protected":false},"excerpt":{"rendered":"<p>La medi\u00e1tica comparti\u00f3 una sexy fotograf\u00eda en la que luce un diminuto bikini que deja ver sus curvas. Sin embargo, m\u00e1s que alabar \u00a0su torneado cuerpo, Hilton recibi\u00f3 un sin fin de cr\u00edticas por su extrema delgadez.\u00a0 Distintos sitios estadounidenses advirtieron que la pol\u00e9mica rubia est\u00e1 muy delgada e incluso llegaron a hablar de que [&hellip;]<\/p>\n","protected":false},"author":9,"featured_media":28603,"comment_status":"closed","ping_status":"closed","sticky":false,"template":"","format":"standard","meta":{"_seopress_robots_primary_cat":"","_seopress_titles_title":"","_seopress_titles_desc":"","_seopress_robots_index":"","footnotes":""},"categories":[4],"tags":[28972],"class_list":{"0":"post-28551","1":"post","2":"type-post","3":"status-publish","4":"format-standard","5":"has-post-thumbnail","7":"category-famosos","8":"tag-extrema-delgadez-de-paris-hilton"},"_links":{"self":[{"href":"https:\/\/www.cordobatimes.com\/showup\/wp-json\/wp\/v2\/posts\/28551","targetHints":{"allow":["GET"]}}],"collection":[{"href":"https:\/\/www.cordobatimes.com\/showup\/wp-json\/wp\/v2\/posts"}],"about":[{"href":"https:\/\/www.cordobatimes.com\/showup\/wp-json\/wp\/v2\/types\/post"}],"author":[{"embeddable":true,"href":"https:\/\/www.cordobatimes.com\/showup\/wp-json\/wp\/v2\/users\/9"}],"replies":[{"embeddable":true,"href":"https:\/\/www.cordobatimes.com\/showup\/wp-json\/wp\/v2\/comments?post=28551"}],"version-history":[{"count":0,"href":"https:\/\/www.cordobatimes.com\/showup\/wp-json\/wp\/v2\/posts\/28551\/revisions"}],"wp:featuredmedia":[{"embeddable":true,"href":"https:\/\/www.cordobatimes.com\/showup\/wp-json\/wp\/v2\/media\/28603"}],"wp:attachment":[{"href":"https:\/\/www.cordobatimes.com\/showup\/wp-json\/wp\/v2\/media?parent=28551"}],"wp:term":[{"taxonomy":"category","embeddable":true,"href":"https:\/\/www.cordobatimes.com\/showup\/wp-json\/wp\/v2\/categories?post=28551"},{"taxonomy":"post_tag","embeddable":true,"href":"https:\/\/www.cordobatimes.com\/showup\/wp-json\/wp\/v2\/tags?post=28551"}],"curies":[{"name":"wp","href":"https:\/\/api.w.org\/{rel}","templated":true}]}}