{"id":28478,"date":"2014-09-08T13:03:09","date_gmt":"2014-09-08T16:03:09","guid":{"rendered":"http:\/\/cordobatimes.com\/showup\/?p=28478"},"modified":"2020-01-29T18:50:50","modified_gmt":"2020-01-29T21:50:50","slug":"paula-y-pedro-e-casaron-por-civil","status":"publish","type":"post","link":"https:\/\/www.cordobatimes.com\/showup\/famosos\/2014\/09\/08\/paula-y-pedro-e-casaron-por-civil\/","title":{"rendered":"Paula y Pedro se casaron por civil"},"content":{"rendered":"<h3 style=\"text-align: justify;\"><strong>Hab\u00eda trascendido que la boda ser\u00eda el pr\u00f3ximo mes, pero al parecer los novios decidieron adelantar la fecha.<\/strong><\/h3>\n<p style=\"text-align: justify;\">Si bien la ceremonia se hizo \u00aben secreto\u00bb, apenas termin\u00f3 el dato corri\u00f3 como p\u00f3lvora por las redes sociales y los portales del espect\u00e1culo ya publicaron las primeras fotos de la ceremonia<\/p>\n<p style=\"text-align: justify;\">El romance inici\u00f3 en la televisi\u00f3n y a lo largo del tiempo todas sus novedades fueron carne de las pantallas. Primero el noviazgo, luego la vida juntos, el nacimiento de su hija Olivia y esta vez, el matrimonio.<\/p>\n<p style=\"text-align: justify;\">Seg\u00fan confirm\u00f3 Pablo Layus, la idea era que fuera secreto pero no lo lograron.<\/p>\n<p>&nbsp;<\/p>\n","protected":false},"excerpt":{"rendered":"<p>Hab\u00eda trascendido que la boda ser\u00eda el pr\u00f3ximo mes, pero al parecer los novios decidieron adelantar la fecha. Si bien la ceremonia se hizo \u00aben secreto\u00bb, apenas termin\u00f3 el dato corri\u00f3 como p\u00f3lvora por las redes sociales y los portales del espect\u00e1culo ya publicaron las primeras fotos de la ceremonia El romance inici\u00f3 en la [&hellip;]<\/p>\n","protected":false},"author":9,"featured_media":28479,"comment_status":"closed","ping_status":"closed","sticky":false,"template":"","format":"standard","meta":{"_seopress_robots_primary_cat":"","_seopress_titles_title":"","_seopress_titles_desc":"","_seopress_robots_index":"","footnotes":""},"categories":[4],"tags":[9137,28989,27597],"class_list":{"0":"post-28478","1":"post","2":"type-post","3":"status-publish","4":"format-standard","5":"has-post-thumbnail","7":"category-famosos","8":"tag-casamiento-paula-y-pedro","9":"tag-casamiento-por-civil-de-paula-chaves-y-pedro-alfonso","10":"tag-paula-chaves-pedro-alfonso"},"_links":{"self":[{"href":"https:\/\/www.cordobatimes.com\/showup\/wp-json\/wp\/v2\/posts\/28478","targetHints":{"allow":["GET"]}}],"collection":[{"href":"https:\/\/www.cordobatimes.com\/showup\/wp-json\/wp\/v2\/posts"}],"about":[{"href":"https:\/\/www.cordobatimes.com\/showup\/wp-json\/wp\/v2\/types\/post"}],"author":[{"embeddable":true,"href":"https:\/\/www.cordobatimes.com\/showup\/wp-json\/wp\/v2\/users\/9"}],"replies":[{"embeddable":true,"href":"https:\/\/www.cordobatimes.com\/showup\/wp-json\/wp\/v2\/comments?post=28478"}],"version-history":[{"count":0,"href":"https:\/\/www.cordobatimes.com\/showup\/wp-json\/wp\/v2\/posts\/28478\/revisions"}],"wp:featuredmedia":[{"embeddable":true,"href":"https:\/\/www.cordobatimes.com\/showup\/wp-json\/wp\/v2\/media\/28479"}],"wp:attachment":[{"href":"https:\/\/www.cordobatimes.com\/showup\/wp-json\/wp\/v2\/media?parent=28478"}],"wp:term":[{"taxonomy":"category","embeddable":true,"href":"https:\/\/www.cordobatimes.com\/showup\/wp-json\/wp\/v2\/categories?post=28478"},{"taxonomy":"post_tag","embeddable":true,"href":"https:\/\/www.cordobatimes.com\/showup\/wp-json\/wp\/v2\/tags?post=28478"}],"curies":[{"name":"wp","href":"https:\/\/api.w.org\/{rel}","templated":true}]}}