{"id":28455,"date":"2014-09-08T11:34:04","date_gmt":"2014-09-08T14:34:04","guid":{"rendered":"http:\/\/cordobatimes.com\/showup\/?p=28455"},"modified":"2020-01-29T18:59:00","modified_gmt":"2020-01-29T21:59:00","slug":"comodin-el-nuevo-videoclip-de-no-te-va-a-gustar","status":"publish","type":"post","link":"https:\/\/www.cordobatimes.com\/showup\/musica\/2014\/09\/08\/comodin-el-nuevo-videoclip-de-no-te-va-a-gustar\/","title":{"rendered":"\u00abComod\u00edn\u00bb, el nuevo videoclip de No Te Va a Gustar"},"content":{"rendered":"<h3 style=\"text-align: justify;\"><strong>La banda uruguaya present\u00f3 el primer corte de su pr\u00f3ximo trabajo, \u00abEl tiempo otra vez avanza\u00bb. Miralo y escuchalo ac\u00e1.<\/strong><\/h3>\n<p style=\"text-align: justify;\">\u00abComod\u00edn\u00bb se estren\u00f3 en simult\u00e1neo con su videoclip, grabado en la ciudad de Buenos Aires con la direcci\u00f3n de Gabriel Nicoli. Presentando una curiosa est\u00e9tica, los integrantes de NTVG se presentan como unos \u00abrockstars\u00bb bizarros dentro de un programa de televisi\u00f3n.<\/p>\n<p style=\"text-align: justify;\">Entre los invitados a la filmaci\u00f3n, aportando su cuota de humor, participaron Cucho Parisi, cantante de Los Aut\u00e9nticos Decadentes y el comediante Favio Posca.<\/p>\n<p>\u00a0<iframe loading=\"lazy\" src=\"\/\/www.youtube.com\/embed\/oAo8kAPqEao\" width=\"560\" height=\"315\" frameborder=\"0\" allowfullscreen=\"allowfullscreen\"><\/iframe><\/p>\n","protected":false},"excerpt":{"rendered":"<p>La banda uruguaya present\u00f3 el primer corte de su pr\u00f3ximo trabajo, \u00abEl tiempo otra vez avanza\u00bb. Miralo y escuchalo ac\u00e1. \u00abComod\u00edn\u00bb se estren\u00f3 en simult\u00e1neo con su videoclip, grabado en la ciudad de Buenos Aires con la direcci\u00f3n de Gabriel Nicoli. Presentando una curiosa est\u00e9tica, los integrantes de NTVG se presentan como unos \u00abrockstars\u00bb bizarros [&hellip;]<\/p>\n","protected":false},"author":1,"featured_media":28456,"comment_status":"closed","ping_status":"closed","sticky":false,"template":"","format":"standard","meta":{"_seopress_robots_primary_cat":"","_seopress_titles_title":"","_seopress_titles_desc":"","_seopress_robots_index":"","footnotes":""},"categories":[5],"tags":[28994,28993],"class_list":{"0":"post-28455","1":"post","2":"type-post","3":"status-publish","4":"format-standard","5":"has-post-thumbnail","7":"category-musica","8":"tag-comodin-no-te-va-a-gustar","9":"tag-comodin-videoclip-de-no-te-va-a-gustar"},"_links":{"self":[{"href":"https:\/\/www.cordobatimes.com\/showup\/wp-json\/wp\/v2\/posts\/28455","targetHints":{"allow":["GET"]}}],"collection":[{"href":"https:\/\/www.cordobatimes.com\/showup\/wp-json\/wp\/v2\/posts"}],"about":[{"href":"https:\/\/www.cordobatimes.com\/showup\/wp-json\/wp\/v2\/types\/post"}],"author":[{"embeddable":true,"href":"https:\/\/www.cordobatimes.com\/showup\/wp-json\/wp\/v2\/users\/1"}],"replies":[{"embeddable":true,"href":"https:\/\/www.cordobatimes.com\/showup\/wp-json\/wp\/v2\/comments?post=28455"}],"version-history":[{"count":0,"href":"https:\/\/www.cordobatimes.com\/showup\/wp-json\/wp\/v2\/posts\/28455\/revisions"}],"wp:featuredmedia":[{"embeddable":true,"href":"https:\/\/www.cordobatimes.com\/showup\/wp-json\/wp\/v2\/media\/28456"}],"wp:attachment":[{"href":"https:\/\/www.cordobatimes.com\/showup\/wp-json\/wp\/v2\/media?parent=28455"}],"wp:term":[{"taxonomy":"category","embeddable":true,"href":"https:\/\/www.cordobatimes.com\/showup\/wp-json\/wp\/v2\/categories?post=28455"},{"taxonomy":"post_tag","embeddable":true,"href":"https:\/\/www.cordobatimes.com\/showup\/wp-json\/wp\/v2\/tags?post=28455"}],"curies":[{"name":"wp","href":"https:\/\/api.w.org\/{rel}","templated":true}]}}