{"id":28448,"date":"2014-09-08T11:21:27","date_gmt":"2014-09-08T14:21:27","guid":{"rendered":"http:\/\/cordobatimes.com\/showup\/?p=28448"},"modified":"2020-01-29T19:04:46","modified_gmt":"2020-01-29T22:04:46","slug":"se-viene-un-nuevo-heredero","status":"publish","type":"post","link":"https:\/\/www.cordobatimes.com\/showup\/famosos\/2014\/09\/08\/se-viene-un-nuevo-heredero\/","title":{"rendered":"Se viene un nuevo heredero"},"content":{"rendered":"<h3 style=\"text-align: justify;\"><strong>\u00abSus altezas reales hi se complacen en anunciar que la duquesa de Cambridge espera a su segundo hijo\u201d, expres\u00f3 en un comunicado oficial la Casa Real brit\u00e1nica este lunes por la ma\u00f1ana.<\/strong><\/h3>\n<p style=\"text-align: justify;\">\u201cLa reina y miembros de ambas familias est\u00e1n encantados con la noticia\u201d, ampli\u00f3 el informe que fue dado a conocer a trav\u00e9s de la p\u00e1gina web de la corona.<\/p>\n<p style=\"text-align: justify;\">\u201cComo con el primer embarazo, la duquesa padece de hiper\u00e9mesis grav\u00eddica -v\u00f3mitos y n\u00e1useas presentes en mujeres embarazadas-. Su alteza real no acompa\u00f1ar\u00e1 al duque de Cambridge en su encuentro planeado para hoy en Oxford\u00bb, expres\u00f3 el comunicado que tambi\u00e9n anot\u00f3 que \u00abla duquesa est\u00e1 siendo tratada por doctores en el palacio de Kensington\u201d. Durante la gestaci\u00f3n del pr\u00edncipe George la duquesa padeci\u00f3 los mismos s\u00edntomas que sufre ahora.<\/p>\n<p style=\"text-align: justify;\">Se estima que Kate se encuentra en el tercer mes de embarazo y que el comunicado de este lunes se ha producido, en parte, debido a la necesidad de cancelar su aparici\u00f3n junto a su esposo hoy en Oxford. Desde palacio se est\u00e1n revisando sus futuros compromisos, incluyendo la visita de dos d\u00edas a Malta programada para el mes pr\u00f3ximo.<\/p>\n<p style=\"text-align: justify;\">La pareja real brit\u00e1nica, los dos de 32 a\u00f1os, dieron la bienvenida a su hijo George en julio de 2013. Desde el momento que naci\u00f3, el tercero en la l\u00ednea de sucesi\u00f3n ha cautivado las miradas de los admiradores de la realeza alrededor del mundo.<\/p>\n<p>&nbsp;<\/p>\n","protected":false},"excerpt":{"rendered":"<p>\u00abSus altezas reales hi se complacen en anunciar que la duquesa de Cambridge espera a su segundo hijo\u201d, expres\u00f3 en un comunicado oficial la Casa Real brit\u00e1nica este lunes por la ma\u00f1ana. \u201cLa reina y miembros de ambas familias est\u00e1n encantados con la noticia\u201d, ampli\u00f3 el informe que fue dado a conocer a trav\u00e9s de [&hellip;]<\/p>\n","protected":false},"author":9,"featured_media":28453,"comment_status":"closed","ping_status":"closed","sticky":false,"template":"","format":"standard","meta":{"_seopress_robots_primary_cat":"","_seopress_titles_title":"","_seopress_titles_desc":"","_seopress_robots_index":"","footnotes":""},"categories":[4],"tags":[28995,28996],"class_list":{"0":"post-28448","1":"post","2":"type-post","3":"status-publish","4":"format-standard","5":"has-post-thumbnail","7":"category-famosos","8":"tag-el-duque-y-la-duquesa-de-cambridge","9":"tag-hijos-de-el-duque-y-la-duquesa-de-cambridge"},"_links":{"self":[{"href":"https:\/\/www.cordobatimes.com\/showup\/wp-json\/wp\/v2\/posts\/28448","targetHints":{"allow":["GET"]}}],"collection":[{"href":"https:\/\/www.cordobatimes.com\/showup\/wp-json\/wp\/v2\/posts"}],"about":[{"href":"https:\/\/www.cordobatimes.com\/showup\/wp-json\/wp\/v2\/types\/post"}],"author":[{"embeddable":true,"href":"https:\/\/www.cordobatimes.com\/showup\/wp-json\/wp\/v2\/users\/9"}],"replies":[{"embeddable":true,"href":"https:\/\/www.cordobatimes.com\/showup\/wp-json\/wp\/v2\/comments?post=28448"}],"version-history":[{"count":0,"href":"https:\/\/www.cordobatimes.com\/showup\/wp-json\/wp\/v2\/posts\/28448\/revisions"}],"wp:featuredmedia":[{"embeddable":true,"href":"https:\/\/www.cordobatimes.com\/showup\/wp-json\/wp\/v2\/media\/28453"}],"wp:attachment":[{"href":"https:\/\/www.cordobatimes.com\/showup\/wp-json\/wp\/v2\/media?parent=28448"}],"wp:term":[{"taxonomy":"category","embeddable":true,"href":"https:\/\/www.cordobatimes.com\/showup\/wp-json\/wp\/v2\/categories?post=28448"},{"taxonomy":"post_tag","embeddable":true,"href":"https:\/\/www.cordobatimes.com\/showup\/wp-json\/wp\/v2\/tags?post=28448"}],"curies":[{"name":"wp","href":"https:\/\/api.w.org\/{rel}","templated":true}]}}