{"id":28431,"date":"2014-09-08T16:17:56","date_gmt":"2014-09-08T19:17:56","guid":{"rendered":"http:\/\/cordobatimes.com\/showup\/?p=28431"},"modified":"2019-11-12T16:57:03","modified_gmt":"2019-11-12T19:57:03","slug":"ricardo-arjona-regresa-al-pais-con-record-de-presentaciones","status":"publish","type":"post","link":"https:\/\/www.cordobatimes.com\/showup\/agenda\/2014\/09\/08\/ricardo-arjona-regresa-al-pais-con-record-de-presentaciones\/","title":{"rendered":"Ricardo Arjona regresa al pa\u00eds con r\u00e9cord de presentaciones"},"content":{"rendered":"<h3 style=\"text-align: justify;\"><strong>El cantautor llega a la Argentina una vez m\u00e1s con un r\u00e9cord hist\u00f3rico de presentaciones: siete Estadios GEBA y diez conciertos m\u00e1s en el interior del pa\u00eds.<\/strong><\/h3>\n<p style=\"text-align: justify;\">Arjona finaliz\u00f3 ayer una serie de cinco shows consecutivos sold-out en Chile y se prepara para desembarcar en el pa\u00eds este martes 9 de septiembre con su Viaje Tour, una gira que comprende m\u00e1s de 20 pa\u00edses, en bautismo de su nuevo \u00e1lbum y dando paso a sus mejores \u00e9xitos de siempre.<\/p>\n<p style=\"text-align: justify;\">Con m\u00e1s de 23 a\u00f1os de carrera Ricardo Arjona se ha convertido en el artista de habla hispana m\u00e1s importante del mundo. Cuenta con m\u00e1s de 20 millones de discos vendidos, 17 discos editados, 15 de estudios y dos discos en vivo.<\/p>\n<p style=\"text-align: justify;\">Un artista que viene rompiendo r\u00e9cords hist\u00f3ricos en todo el mundo: en Argentina 34 Estadios Luna Park, cinco Estadios V\u00e9lez Sarfield y cinco Estadios de Boca Juniors sold out. Su gira anterior \u201cMWT\u201d ha sido vista por m\u00e1s de 1.500.000 personas en un solo a\u00f1o.<\/p>\n<p style=\"text-align: justify;\">Su nuevo disco, \u00abViaje\u00bb, es una colecci\u00f3n de recuerdos, emociones, im\u00e1genes y vivencias hechas canci\u00f3n, d\u00e1ndole vida a los 14 temas in\u00e9ditos todos compuesto por Ricardo Arjona y cuenta con la participaci\u00f3n de m\u00e1s de seis productores entre los que se encuentran Dan Warner, Martin Terefe, Ben Wisch, Efra\u00edn \u201cJunito\u201d D\u00e1vila, Israel Rojas y Yoel Mart\u00ednez del grupo cubano Buena Fe.<\/p>\n<p style=\"text-align: justify;\">Esto hace que \u00abViaje\u00bb se convierta en un disco ecl\u00e9ctico y variado, siendo la primera vez que Arjona trabaja con un equipo tan amplio para un solo disco, creando as\u00ed un producto diverso, desde las baladas tradicionales aut\u00e9nticas del m\u00fasico, hasta temas m\u00e1s tropicales incluyendo una salsa donde se contrasta su versatilidad como cantautor e interprete.<\/p>\n<p style=\"text-align: justify;\">Su segundo single \u201cLo Poco Que Tengo\u201d es una fiel demostraci\u00f3n de c\u00f3mo Ricardo Arjona puede retratar con su poes\u00eda a las peque\u00f1as cosas de la vida cotidiana. Su primer corte Apnea es una poderosa y exitosa balada, la cual describe una intensa historia de amor capturando los sentimientos que se crean cuando este termina. El video cont\u00f3 con la participaci\u00f3n de la modelo Sofia Z\u00e1molo y se present\u00f3 en el mes de abril a nivel mundial.<\/p>\n<p style=\"text-align: justify;\">Ricardo Arjona describe su \u00e1lbum como un viaje a catorce mundos, una historia en cada canci\u00f3n. \u201cArranque hace meses. Sin saber bien porque, la locura de subirme a aviones que me llevaran a cualquier lado. Fui a Asia, \u00c1frica y a cualquier lugar que se pudiera buscando nada o quiz\u00e1s buscando un poco de lo que se mi hab\u00eda perdido. No encontr\u00e9 nada como suele pasar, pero en el camino fui dejando canciones embarradas en sobres de hotel y pases de abordar. \u00bfEl resultado? 14 piezas de la bit\u00e1cora de un viaje que no terminara nunca aunque hoy lo encarcelo en este proyecto para que solo as\u00ed aprenda a volar como se merece.\u201d<\/p>\n<p style=\"text-align: justify;\">Ricardo Arjona no solo se caracteriza por su m\u00fasica sino tambi\u00e9n que se lo reconoce por sus acciones solidarias a trav\u00e9s de su Fundaci\u00f3n Adentro. En el mes de enero Ricardo inaugur\u00f3 la primera escuela primaria en su pa\u00eds natal, Guatemala. Con este aporte, Fundaci\u00f3n Adentro contribuye desde un enfoque art\u00edstico y deportivo a la transformaci\u00f3n de peque\u00f1as comunidades guatemaltecas hacia un modelo de sociedad sana y sostenible, en articulaci\u00f3n con cada uno de los actores de nuestra sociedad.<\/p>\n<p><iframe loading=\"lazy\" src=\"\/\/www.youtube.com\/embed\/va5EqA2w7Os\" width=\"560\" height=\"315\" frameborder=\"0\" allowfullscreen=\"allowfullscreen\"><\/iframe><\/p>\n","protected":false},"excerpt":{"rendered":"<p>El cantautor llega a la Argentina una vez m\u00e1s con un r\u00e9cord hist\u00f3rico de presentaciones: siete Estadios GEBA y diez conciertos m\u00e1s en el interior del pa\u00eds. Arjona finaliz\u00f3 ayer una serie de cinco shows consecutivos sold-out en Chile y se prepara para desembarcar en el pa\u00eds este martes 9 de septiembre con su Viaje [&hellip;]<\/p>\n","protected":false},"author":9,"featured_media":28474,"comment_status":"closed","ping_status":"closed","sticky":false,"template":"","format":"standard","meta":{"_seopress_robots_primary_cat":"","_seopress_titles_title":"","_seopress_titles_desc":"","_seopress_robots_index":"","footnotes":""},"categories":[6],"tags":[9138,6458,6477],"class_list":{"0":"post-28431","1":"post","2":"type-post","3":"status-publish","4":"format-standard","5":"has-post-thumbnail","7":"category-agenda","8":"tag-arjona-en-argentina","9":"tag-ricardo-arjona-en-argentina","10":"tag-ricardo-arjona-en-cordoba"},"_links":{"self":[{"href":"https:\/\/www.cordobatimes.com\/showup\/wp-json\/wp\/v2\/posts\/28431","targetHints":{"allow":["GET"]}}],"collection":[{"href":"https:\/\/www.cordobatimes.com\/showup\/wp-json\/wp\/v2\/posts"}],"about":[{"href":"https:\/\/www.cordobatimes.com\/showup\/wp-json\/wp\/v2\/types\/post"}],"author":[{"embeddable":true,"href":"https:\/\/www.cordobatimes.com\/showup\/wp-json\/wp\/v2\/users\/9"}],"replies":[{"embeddable":true,"href":"https:\/\/www.cordobatimes.com\/showup\/wp-json\/wp\/v2\/comments?post=28431"}],"version-history":[{"count":0,"href":"https:\/\/www.cordobatimes.com\/showup\/wp-json\/wp\/v2\/posts\/28431\/revisions"}],"wp:featuredmedia":[{"embeddable":true,"href":"https:\/\/www.cordobatimes.com\/showup\/wp-json\/wp\/v2\/media\/28474"}],"wp:attachment":[{"href":"https:\/\/www.cordobatimes.com\/showup\/wp-json\/wp\/v2\/media?parent=28431"}],"wp:term":[{"taxonomy":"category","embeddable":true,"href":"https:\/\/www.cordobatimes.com\/showup\/wp-json\/wp\/v2\/categories?post=28431"},{"taxonomy":"post_tag","embeddable":true,"href":"https:\/\/www.cordobatimes.com\/showup\/wp-json\/wp\/v2\/tags?post=28431"}],"curies":[{"name":"wp","href":"https:\/\/api.w.org\/{rel}","templated":true}]}}