{"id":28397,"date":"2014-09-07T17:39:41","date_gmt":"2014-09-07T20:39:41","guid":{"rendered":"http:\/\/cordobatimes.com\/showup\/?p=28397"},"modified":"2020-01-29T19:16:17","modified_gmt":"2020-01-29T22:16:17","slug":"cristian-castro-de-romantico-a-metalero-fotos","status":"publish","type":"post","link":"https:\/\/www.cordobatimes.com\/showup\/musica\/2014\/09\/07\/cristian-castro-de-romantico-a-metalero-fotos\/","title":{"rendered":"Cristian Castro de rom\u00e1ntico a metalero (Fotos)"},"content":{"rendered":"<h3 style=\"text-align: justify;\"><strong>El cantante mexicano abandon\u00f3 las baladas y su costado mel\u00f3dico y a comienzo de este a\u00f1o lanz\u00f3 un disco de rock alternativo con su nueva banda, La Esfinge. <\/strong><\/h3>\n<p style=\"text-align: justify;\">La semana pasada la agrupaci\u00f3n tuvo su primera presentaci\u00f3n en vivo sobre un gran escenario, donde adem\u00e1s de tocar sus temas deleitaron al p\u00fablico con unos covers de Black Sabbath y Led Zeppelin.<\/p>\n<p style=\"text-align: justify;\">Con los ojos delineados y vestido como un caballero medieval. As\u00ed subi\u00f3 Cristian Castro al escenario principal de la Feria Nacional de la Plata (Fenapla), en Fresnillo, M\u00e9xico, donde se produjo el primer gran show en vivo de \u201cLa Esfinge\u201d, la nueva banda de rock alternativo del hijo de Ver\u00f3nica Castro.<\/p>\n<p style=\"text-align: justify;\">En el show que dieron el pasado 23 de agosto sonaron canciones como \u00abBeso negro\u00bb, \u00abPurgatorio\u00bb, \u00abFantasmas\u00bb, \u00abEsp\u00edritu\u00bb, \u00abSo\u00f1ador\u00bb, \u00abNada nos separa\u00bb, \u00abQuiero correr\u00bb, \u00abRuido\u00bb y \u00abDesaparezco\u00bb. Pero adem\u00e1s, Cristian Castro se dio el gusto de tocar dos cl\u00e1sicos del heavy metal y el rock cl\u00e1sico: \u201cParanoid\u201d de Black Sabbath y \u00abRock and Roll\u00bb Led Zeppelin.<\/p>\n<p style=\"text-align: justify;\">En esta nueva etapa, Cristian se hace llamar L\u00fcgh Draculea, y es la guitarra y voz de la banda. Los otros m\u00fasico de la agrupaci\u00f3n son C\u00e9sar \u201cVampiro\u201d L\u00f3pez, Luis Quintero y Alexei Torres.<\/p>\n<p style=\"text-align: justify;\"><a href=\"http:\/\/cordobatimes.com\/showup\/wp-content\/uploads\/2014\/09\/cristian-1.png\"><img loading=\"lazy\" decoding=\"async\" class=\"alignnone size-full wp-image-28422\" src=\"http:\/\/cordobatimes.com\/showup\/wp-content\/uploads\/2014\/09\/cristian-1.png\" alt=\"cristian 1\" width=\"609\" height=\"411\" data-id=\"28422\" srcset=\"https:\/\/www.cordobatimes.com\/showup\/wp-content\/uploads\/2014\/09\/cristian-1.png 609w, https:\/\/www.cordobatimes.com\/showup\/wp-content\/uploads\/2014\/09\/cristian-1-300x202.png 300w, https:\/\/www.cordobatimes.com\/showup\/wp-content\/uploads\/2014\/09\/cristian-1-600x404.png 600w\" sizes=\"auto, (max-width: 609px) 100vw, 609px\" \/><\/a><\/p>\n<p style=\"text-align: justify;\"><a href=\"http:\/\/cordobatimes.com\/showup\/wp-content\/uploads\/2014\/09\/cristian-2.png\"><img loading=\"lazy\" decoding=\"async\" class=\"alignnone size-full wp-image-28423\" src=\"http:\/\/cordobatimes.com\/showup\/wp-content\/uploads\/2014\/09\/cristian-2.png\" alt=\"cristian 2\" width=\"601\" height=\"422\" data-id=\"28423\" srcset=\"https:\/\/www.cordobatimes.com\/showup\/wp-content\/uploads\/2014\/09\/cristian-2.png 601w, https:\/\/www.cordobatimes.com\/showup\/wp-content\/uploads\/2014\/09\/cristian-2-300x210.png 300w, https:\/\/www.cordobatimes.com\/showup\/wp-content\/uploads\/2014\/09\/cristian-2-600x421.png 600w\" sizes=\"auto, (max-width: 601px) 100vw, 601px\" \/><\/a><\/p>\n","protected":false},"excerpt":{"rendered":"<p>El cantante mexicano abandon\u00f3 las baladas y su costado mel\u00f3dico y a comienzo de este a\u00f1o lanz\u00f3 un disco de rock alternativo con su nueva banda, La Esfinge. La semana pasada la agrupaci\u00f3n tuvo su primera presentaci\u00f3n en vivo sobre un gran escenario, donde adem\u00e1s de tocar sus temas deleitaron al p\u00fablico con unos covers [&hellip;]<\/p>\n","protected":false},"author":9,"featured_media":28421,"comment_status":"closed","ping_status":"closed","sticky":false,"template":"","format":"standard","meta":{"_seopress_robots_primary_cat":"","_seopress_titles_title":"","_seopress_titles_desc":"","_seopress_robots_index":"","footnotes":""},"categories":[5],"tags":[29001,29000],"class_list":{"0":"post-28397","1":"post","2":"type-post","3":"status-publish","4":"format-standard","5":"has-post-thumbnail","7":"category-musica","8":"tag-cristian-castro-banda-la-esfinge","9":"tag-cristian-castro-disco-de-rock-alternativo"},"_links":{"self":[{"href":"https:\/\/www.cordobatimes.com\/showup\/wp-json\/wp\/v2\/posts\/28397","targetHints":{"allow":["GET"]}}],"collection":[{"href":"https:\/\/www.cordobatimes.com\/showup\/wp-json\/wp\/v2\/posts"}],"about":[{"href":"https:\/\/www.cordobatimes.com\/showup\/wp-json\/wp\/v2\/types\/post"}],"author":[{"embeddable":true,"href":"https:\/\/www.cordobatimes.com\/showup\/wp-json\/wp\/v2\/users\/9"}],"replies":[{"embeddable":true,"href":"https:\/\/www.cordobatimes.com\/showup\/wp-json\/wp\/v2\/comments?post=28397"}],"version-history":[{"count":0,"href":"https:\/\/www.cordobatimes.com\/showup\/wp-json\/wp\/v2\/posts\/28397\/revisions"}],"wp:featuredmedia":[{"embeddable":true,"href":"https:\/\/www.cordobatimes.com\/showup\/wp-json\/wp\/v2\/media\/28421"}],"wp:attachment":[{"href":"https:\/\/www.cordobatimes.com\/showup\/wp-json\/wp\/v2\/media?parent=28397"}],"wp:term":[{"taxonomy":"category","embeddable":true,"href":"https:\/\/www.cordobatimes.com\/showup\/wp-json\/wp\/v2\/categories?post=28397"},{"taxonomy":"post_tag","embeddable":true,"href":"https:\/\/www.cordobatimes.com\/showup\/wp-json\/wp\/v2\/tags?post=28397"}],"curies":[{"name":"wp","href":"https:\/\/api.w.org\/{rel}","templated":true}]}}