{"id":28389,"date":"2014-09-07T17:47:33","date_gmt":"2014-09-07T20:47:33","guid":{"rendered":"http:\/\/cordobatimes.com\/showup\/?p=28389"},"modified":"2020-01-29T19:12:14","modified_gmt":"2020-01-29T22:12:14","slug":"tango-feroz-regreso-a-los-cines-remasterizada-en-hd-video","status":"publish","type":"post","link":"https:\/\/www.cordobatimes.com\/showup\/cine-y-series\/2014\/09\/07\/tango-feroz-regreso-a-los-cines-remasterizada-en-hd-video\/","title":{"rendered":"\u00abTango Feroz\u00bb regres\u00f3 a los cines remasterizada en HD (Video)"},"content":{"rendered":"<h3 style=\"text-align: justify;\"><strong>La pel\u00edcula de Marcelo Pi\u00f1eyro, protagonizada por Fern\u00e1n Mir\u00e1s, Cecilia Dopazo, Leonardo Sbaraglia y Antonio Birabent, podr\u00e1 verse nuevamente en los cines argentinos, pero esta vez en una versi\u00f3n modificada cuadro por cuadro en HD.<\/strong><\/h3>\n<p style=\"text-align: justify;\">El filme, que cuenta con las interpretaciones de actores consagrados como Imanol Arias y H\u00e9ctor Alterio, revolucion\u00f3 el cine argentino y trascendi\u00f3 las fronteras del pa\u00eds donde tambi\u00e9n se convirti\u00f3 en un gran \u00e9xito.<\/p>\n<p style=\"text-align: justify;\">Casi dos millones de personas la vieron en 1993, a\u00f1o en el que se estren\u00f3 en las salas de nuestro pa\u00eds. En aquel entonces llegaron a hacerse trasnoches todos los d\u00edas y doble trasnoche los viernes y s\u00e1bados.<\/p>\n<p style=\"text-align: justify;\">La pel\u00edcula relata la historia de amor entre Tanguito (Mir\u00e1s) y Mariana (Dopazo), a finales de los a\u00f1os &#8217;60 y comienzos de los &#8217;70. En esa \u00e9poca nac\u00eda el rock argentino y el conflicto entre los viejos valores y los nuevos ideales de la juventud argentina: libertad, amor, la paz y solidaridad.<\/p>\n<p style=\"text-align: justify;\">No te pierdas el incre\u00edble tr\u00e1iler.<\/p>\n<p><iframe loading=\"lazy\" src=\"\/\/www.youtube.com\/embed\/lu1CBqZeQvo\" width=\"560\" height=\"315\" frameborder=\"0\" allowfullscreen=\"allowfullscreen\"><\/iframe><\/p>\n","protected":false},"excerpt":{"rendered":"<p>La pel\u00edcula de Marcelo Pi\u00f1eyro, protagonizada por Fern\u00e1n Mir\u00e1s, Cecilia Dopazo, Leonardo Sbaraglia y Antonio Birabent, podr\u00e1 verse nuevamente en los cines argentinos, pero esta vez en una versi\u00f3n modificada cuadro por cuadro en HD. El filme, que cuenta con las interpretaciones de actores consagrados como Imanol Arias y H\u00e9ctor Alterio, revolucion\u00f3 el cine argentino [&hellip;]<\/p>\n","protected":false},"author":9,"featured_media":28426,"comment_status":"closed","ping_status":"closed","sticky":false,"template":"","format":"standard","meta":{"_seopress_robots_primary_cat":"","_seopress_titles_title":"","_seopress_titles_desc":"","_seopress_robots_index":"","footnotes":""},"categories":[3],"tags":[28998,9118,28999],"class_list":{"0":"post-28389","1":"post","2":"type-post","3":"status-publish","4":"format-standard","5":"has-post-thumbnail","7":"category-cine-y-series","8":"tag-elenco-de-la-pelicula-tango-feroz","9":"tag-tango-feroz-remasterizada-en-hd","10":"tag-trailer-de-tango-feroz"},"_links":{"self":[{"href":"https:\/\/www.cordobatimes.com\/showup\/wp-json\/wp\/v2\/posts\/28389","targetHints":{"allow":["GET"]}}],"collection":[{"href":"https:\/\/www.cordobatimes.com\/showup\/wp-json\/wp\/v2\/posts"}],"about":[{"href":"https:\/\/www.cordobatimes.com\/showup\/wp-json\/wp\/v2\/types\/post"}],"author":[{"embeddable":true,"href":"https:\/\/www.cordobatimes.com\/showup\/wp-json\/wp\/v2\/users\/9"}],"replies":[{"embeddable":true,"href":"https:\/\/www.cordobatimes.com\/showup\/wp-json\/wp\/v2\/comments?post=28389"}],"version-history":[{"count":0,"href":"https:\/\/www.cordobatimes.com\/showup\/wp-json\/wp\/v2\/posts\/28389\/revisions"}],"wp:featuredmedia":[{"embeddable":true,"href":"https:\/\/www.cordobatimes.com\/showup\/wp-json\/wp\/v2\/media\/28426"}],"wp:attachment":[{"href":"https:\/\/www.cordobatimes.com\/showup\/wp-json\/wp\/v2\/media?parent=28389"}],"wp:term":[{"taxonomy":"category","embeddable":true,"href":"https:\/\/www.cordobatimes.com\/showup\/wp-json\/wp\/v2\/categories?post=28389"},{"taxonomy":"post_tag","embeddable":true,"href":"https:\/\/www.cordobatimes.com\/showup\/wp-json\/wp\/v2\/tags?post=28389"}],"curies":[{"name":"wp","href":"https:\/\/api.w.org\/{rel}","templated":true}]}}