{"id":28313,"date":"2014-09-05T00:15:24","date_gmt":"2014-09-05T03:15:24","guid":{"rendered":"http:\/\/cordobatimes.com\/showup\/?p=28313"},"modified":"2020-01-29T20:53:17","modified_gmt":"2020-01-29T23:53:17","slug":"decretan-dos-dias-de-duelo-nacional-por-el-fallecimiento-de-gustavo-cerati","status":"publish","type":"post","link":"https:\/\/www.cordobatimes.com\/showup\/famosos\/2014\/09\/05\/decretan-dos-dias-de-duelo-nacional-por-el-fallecimiento-de-gustavo-cerati\/","title":{"rendered":"Decretan dos d\u00edas de duelo nacional por el fallecimiento de Gustavo Cerati"},"content":{"rendered":"<h3 style=\"text-align: justify;\"><strong>A trav\u00e9s de un decreto, se indic\u00f3 que, en los d\u00edas de duelo, la Bandera Nacional permanecer\u00e1 a media asta en todos los edificios p\u00fablicos, y que a trav\u00e9s de la Jefatura de Gabinete \u00abse expresar\u00e1n a la familia del extinto las condolencias del Gobierno Nacional\u00bb. <\/strong><\/h3>\n<p style=\"text-align: justify;\">En los considerandos de la medida se indic\u00f3 que \u00abGustavo Cerati consagr\u00f3 su vida a la actividad art\u00edstica, destac\u00e1ndose como un notable autor, compositor, guitarrista y cantante\u00bb.<\/p>\n<p style=\"text-align: justify;\">Tambi\u00e9n que \u00abdicha personalidad dedic\u00f3 la mayor parte de su obra al rock iberoamericano, transform\u00e1ndose en una leyenda del rock nacional\u00bb y que, por otra parte, \u00abobtuvo fama y reconocimiento internacional por haber sido vocalista, guitarrista y compositor principal de la Banda de rock &#8216;Soda Stereo'\u00bb.<\/p>\n<p style=\"text-align: justify;\">\u00abQue posteriormente, sigui\u00f3 su carrera como solista haci\u00e9ndose merecedor de numerosos premios y nominaciones, entre ellos los Grammy Latino, Konex y Gardel\u00bb.<\/p>\n<p style=\"text-align: justify;\">Asimismo, se recuerda que Cerati \u00abincursion\u00f3 en otros estilos musicales destac\u00e1ndose la presentaci\u00f3n efectuada en el Teatro Col\u00f3n de la Ciudad Aut\u00f3noma de Buenos Aires de su alb\u00fam &#8216;Episodios Sinf\u00f3nicos&#8217; junto a la Orquesta Sinf\u00f3nica Nacional, efectuando adem\u00e1s, presentaciones en distintos pa\u00edses de Latinoam\u00e9rica\u00bb.<\/p>\n<p style=\"text-align: justify;\">Por \u00faltimo, se destac\u00f3 que \u00absu impulso art\u00edstico constituy\u00f3 un sello distintivo de elegancia y modernidad en todas sus producciones\u00bb. El decreto est\u00e1 firmado por la ministra de Cultura, Teresa Sellar\u00e9s, el nombre real de la artista conocida como Teresa Parodi.<\/p>\n","protected":false},"excerpt":{"rendered":"<p>A trav\u00e9s de un decreto, se indic\u00f3 que, en los d\u00edas de duelo, la Bandera Nacional permanecer\u00e1 a media asta en todos los edificios p\u00fablicos, y que a trav\u00e9s de la Jefatura de Gabinete \u00abse expresar\u00e1n a la familia del extinto las condolencias del Gobierno Nacional\u00bb. En los considerandos de la medida se indic\u00f3 que [&hellip;]<\/p>\n","protected":false},"author":9,"featured_media":28314,"comment_status":"closed","ping_status":"closed","sticky":false,"template":"","format":"standard","meta":{"_seopress_robots_primary_cat":"","_seopress_titles_title":"","_seopress_titles_desc":"","_seopress_robots_index":"","footnotes":""},"categories":[4],"tags":[9090,18899],"class_list":{"0":"post-28313","1":"post","2":"type-post","3":"status-publish","4":"format-standard","5":"has-post-thumbnail","7":"category-famosos","8":"tag-dos-dias-de-duelo-por-gustavo-cerati","9":"tag-muerte-de-gustavo-cerati"},"_links":{"self":[{"href":"https:\/\/www.cordobatimes.com\/showup\/wp-json\/wp\/v2\/posts\/28313","targetHints":{"allow":["GET"]}}],"collection":[{"href":"https:\/\/www.cordobatimes.com\/showup\/wp-json\/wp\/v2\/posts"}],"about":[{"href":"https:\/\/www.cordobatimes.com\/showup\/wp-json\/wp\/v2\/types\/post"}],"author":[{"embeddable":true,"href":"https:\/\/www.cordobatimes.com\/showup\/wp-json\/wp\/v2\/users\/9"}],"replies":[{"embeddable":true,"href":"https:\/\/www.cordobatimes.com\/showup\/wp-json\/wp\/v2\/comments?post=28313"}],"version-history":[{"count":0,"href":"https:\/\/www.cordobatimes.com\/showup\/wp-json\/wp\/v2\/posts\/28313\/revisions"}],"wp:featuredmedia":[{"embeddable":true,"href":"https:\/\/www.cordobatimes.com\/showup\/wp-json\/wp\/v2\/media\/28314"}],"wp:attachment":[{"href":"https:\/\/www.cordobatimes.com\/showup\/wp-json\/wp\/v2\/media?parent=28313"}],"wp:term":[{"taxonomy":"category","embeddable":true,"href":"https:\/\/www.cordobatimes.com\/showup\/wp-json\/wp\/v2\/categories?post=28313"},{"taxonomy":"post_tag","embeddable":true,"href":"https:\/\/www.cordobatimes.com\/showup\/wp-json\/wp\/v2\/tags?post=28313"}],"curies":[{"name":"wp","href":"https:\/\/api.w.org\/{rel}","templated":true}]}}