{"id":28303,"date":"2014-09-04T15:55:07","date_gmt":"2014-09-04T18:55:07","guid":{"rendered":"http:\/\/cordobatimes.com\/showup\/?p=28303"},"modified":"2020-01-29T20:58:59","modified_gmt":"2020-01-29T23:58:59","slug":"charly-alberti-se-despidio-de-gustavo-cerati","status":"publish","type":"post","link":"https:\/\/www.cordobatimes.com\/showup\/famosos\/2014\/09\/04\/charly-alberti-se-despidio-de-gustavo-cerati\/","title":{"rendered":"Charly Alberti se despidi\u00f3 de Gustavo Cerati"},"content":{"rendered":"<h3 style=\"text-align: justify;\"><strong>En medio del dolor y las l\u00e1grimas, el m\u00fasico habl\u00f3 sobre la muerte de su amigo y compa\u00f1ero de Soda Stereo, y dijo que \u00abmientras est\u00e9 su m\u00fasica, \u00e9l estar\u00e1 presente\u00bb.<\/strong><\/h3>\n<p style=\"text-align: justify;\">\u00abTodav\u00eda no caigo. Su cuerpo dijo que ten\u00eda que ir para ese lado. Atiendo, pero la verdad es que estoy con pocas palabras. En este momento acabo de llamar a las aerol\u00edneas para volver ma\u00f1ana, pero por la distancia se me hace imposible\u00bb, cont\u00f3 el m\u00fasico quien en este momento no se encuentra en Buenos Aires a TN.<\/p>\n<p style=\"text-align: justify;\">Alberti habl\u00f3 con Zeta Bosio: \u00abNos puteamos, es un gran dolor y le ped\u00ed que abrace fuerte a la familia de Gus de mi parte, porque se fue una de las personas que m\u00e1s amaba en el mundo y es doloroso, porque son muchos recuerdos, muchas cosas\u00bb.<\/p>\n<p style=\"text-align: justify;\">\u00abCrecimos juntos, a medida que vaya pasando el d\u00eda voy a ver si me puedo comunicar con Lilian y Laura, para estar de palabra, porque de coraz\u00f3n lo estoy. Al tener la m\u00fasica para recordar , Gustavo va a estar siempre presente\u00bb, agreg\u00f3.<\/p>\n<p style=\"text-align: justify;\">M\u00e1s tarde, record\u00f3 sus momentos con Gustavo: \u00abVoy a ver c\u00f3mo atravesar esto sin poder estar ah\u00ed hoy. Se me pasa todo por la cabeza, el primer momento que llegaron a casa, las charlas telef\u00f3nicas en el 2007, los shows, todo fue bueno, hasta los momentos dif\u00edciles que pasamos como personas, amigos o hermanos fueron grandiosos y parte de lo que fuimos construyendo, No puedo hacer demasiadas reflexiones. Lo tengo que procesar y despu\u00e9s contar\u00e9 algo\u00bb.<\/p>\n","protected":false},"excerpt":{"rendered":"<p>En medio del dolor y las l\u00e1grimas, el m\u00fasico habl\u00f3 sobre la muerte de su amigo y compa\u00f1ero de Soda Stereo, y dijo que \u00abmientras est\u00e9 su m\u00fasica, \u00e9l estar\u00e1 presente\u00bb. \u00abTodav\u00eda no caigo. Su cuerpo dijo que ten\u00eda que ir para ese lado. Atiendo, pero la verdad es que estoy con pocas palabras. En [&hellip;]<\/p>\n","protected":false},"author":9,"featured_media":28304,"comment_status":"closed","ping_status":"closed","sticky":false,"template":"","format":"standard","meta":{"_seopress_robots_primary_cat":"","_seopress_titles_title":"","_seopress_titles_desc":"","_seopress_robots_index":"","footnotes":""},"categories":[4],"tags":[29016,18899],"class_list":{"0":"post-28303","1":"post","2":"type-post","3":"status-publish","4":"format-standard","5":"has-post-thumbnail","7":"category-famosos","8":"tag-charly-alberti-gustavo-cerati","9":"tag-muerte-de-gustavo-cerati"},"_links":{"self":[{"href":"https:\/\/www.cordobatimes.com\/showup\/wp-json\/wp\/v2\/posts\/28303","targetHints":{"allow":["GET"]}}],"collection":[{"href":"https:\/\/www.cordobatimes.com\/showup\/wp-json\/wp\/v2\/posts"}],"about":[{"href":"https:\/\/www.cordobatimes.com\/showup\/wp-json\/wp\/v2\/types\/post"}],"author":[{"embeddable":true,"href":"https:\/\/www.cordobatimes.com\/showup\/wp-json\/wp\/v2\/users\/9"}],"replies":[{"embeddable":true,"href":"https:\/\/www.cordobatimes.com\/showup\/wp-json\/wp\/v2\/comments?post=28303"}],"version-history":[{"count":0,"href":"https:\/\/www.cordobatimes.com\/showup\/wp-json\/wp\/v2\/posts\/28303\/revisions"}],"wp:featuredmedia":[{"embeddable":true,"href":"https:\/\/www.cordobatimes.com\/showup\/wp-json\/wp\/v2\/media\/28304"}],"wp:attachment":[{"href":"https:\/\/www.cordobatimes.com\/showup\/wp-json\/wp\/v2\/media?parent=28303"}],"wp:term":[{"taxonomy":"category","embeddable":true,"href":"https:\/\/www.cordobatimes.com\/showup\/wp-json\/wp\/v2\/categories?post=28303"},{"taxonomy":"post_tag","embeddable":true,"href":"https:\/\/www.cordobatimes.com\/showup\/wp-json\/wp\/v2\/tags?post=28303"}],"curies":[{"name":"wp","href":"https:\/\/api.w.org\/{rel}","templated":true}]}}